{"id":13143,"date":"2026-07-30T18:00:41","date_gmt":"2026-07-30T21:00:41","guid":{"rendered":"https:\/\/ilheusnews.com.br\/?p=13143"},"modified":"2026-07-30T18:00:41","modified_gmt":"2026-07-30T21:00:41","slug":"taxa-de-desemprego-no-brasil-cai-para-54-ate-junho-menor-desde-2012","status":"publish","type":"post","link":"https:\/\/ilheusnews.com.br\/?p=13143","title":{"rendered":"Taxa de desemprego no Brasil cai para 5,4% at\u00e9 junho, menor desde 2012"},"content":{"rendered":"<div>A taxa de\u00a0desemprego\u00a0no Brasil recuou para\u00a05,4%\u00a0no trimestre at\u00e9 junho de 2026, ante\u00a05,6%\u00a0no trimestre encerrado em maio. Trata-se do menor patamar para o intervalo na s\u00e9rie hist\u00f3rica iniciada em 2012. (Foto ilustra\u00e7\u00e3o) De acordo com a\u00a0Pesquisa Nacional por Amostra de Domic\u00edlios Cont\u00ednua\u00a0(Pnad Cont\u00ednua), divulgada nesta quinta-feira (30) pelo\u00a0Instituto Brasileiro de Geografia e Estat\u00edstica (IBGE), o \u00edndice apresentou uma queda frente ao mesmo per\u00edodo em 2025, quando marcou 5,8%. No per\u00edodo, o n\u00famero de trabalhadores do setor privado que estavam empregados com carteira assinada ficou em 39,4 milh\u00f5es, sem varia\u00e7\u00f5es significativas no trimestre e no ano. J\u00e1 os empregados no setor privado sem carteira de trabalho assinada apresentaram eleva\u00e7\u00e3o em rela\u00e7\u00e3o ao trimestre anterior de 2,2%, somando 13,6 milh\u00f5es. J\u00e1 o rendimento m\u00e9dio real habitual dos trabalhadores chegou a R$ 3.738, mantendo estabilidade em rela\u00e7\u00e3o ao trimestre anterior e avan\u00e7ando 2,8% no ano. (Por\u00a0Juliana Caveiro)<\/div>\n","protected":false},"excerpt":{"rendered":"<p>A taxa de\u00a0desemprego\u00a0no Brasil recuou para\u00a05,4%\u00a0no trimestre at\u00e9 junho de 2026, ante\u00a05,6%\u00a0no trimestre encerrado em maio. Trata-se do menor patamar para o intervalo na s\u00e9rie hist\u00f3rica iniciada em 2012. (Foto ilustra\u00e7\u00e3o) De acordo com a\u00a0Pesquisa Nacional por Amostra de Domic\u00edlios Cont\u00ednua\u00a0(Pnad Cont\u00ednua), divulgada nesta quinta-feira (30) pelo\u00a0Instituto Brasileiro de Geografia e Estat\u00edstica (IBGE), o \u00edndice<\/p>\n","protected":false},"author":8,"featured_media":0,"comment_status":"closed","ping_status":"closed","sticky":false,"template":"","format":"standard","meta":{"fifu_image_url":"","fifu_image_alt":"","footnotes":""},"categories":[33],"tags":[],"class_list":["post-13143","post","type-post","status-publish","format-standard","hentry","category-noticias"],"_links":{"self":[{"href":"https:\/\/ilheusnews.com.br\/index.php?rest_route=\/wp\/v2\/posts\/13143","targetHints":{"allow":["GET"]}}],"collection":[{"href":"https:\/\/ilheusnews.com.br\/index.php?rest_route=\/wp\/v2\/posts"}],"about":[{"href":"https:\/\/ilheusnews.com.br\/index.php?rest_route=\/wp\/v2\/types\/post"}],"author":[{"embeddable":true,"href":"https:\/\/ilheusnews.com.br\/index.php?rest_route=\/wp\/v2\/users\/8"}],"replies":[{"embeddable":true,"href":"https:\/\/ilheusnews.com.br\/index.php?rest_route=%2Fwp%2Fv2%2Fcomments&post=13143"}],"version-history":[{"count":0,"href":"https:\/\/ilheusnews.com.br\/index.php?rest_route=\/wp\/v2\/posts\/13143\/revisions"}],"wp:attachment":[{"href":"https:\/\/ilheusnews.com.br\/index.php?rest_route=%2Fwp%2Fv2%2Fmedia&parent=13143"}],"wp:term":[{"taxonomy":"category","embeddable":true,"href":"https:\/\/ilheusnews.com.br\/index.php?rest_route=%2Fwp%2Fv2%2Fcategories&post=13143"},{"taxonomy":"post_tag","embeddable":true,"href":"https:\/\/ilheusnews.com.br\/index.php?rest_route=%2Fwp%2Fv2%2Ftags&post=13143"}],"curies":[{"name":"wp","href":"https:\/\/api.w.org\/{rel}","templated":true}]}}