{"id":13115,"date":"2026-07-30T12:01:55","date_gmt":"2026-07-30T15:01:55","guid":{"rendered":"https:\/\/ilheusnews.com.br\/?p=13115"},"modified":"2026-07-30T12:01:55","modified_gmt":"2026-07-30T15:01:55","slug":"pace-programa-de-acessibilidade-ao-cidadao-especial-e-ampliado-em-feira-de-santana","status":"publish","type":"post","link":"https:\/\/ilheusnews.com.br\/?p=13115","title":{"rendered":"PACE: Programa de Acessibilidade ao Cidad\u00e3o Especial \u00e9 ampliado em Feira de Santana"},"content":{"rendered":"<div>Programa de Acessibilidade ao Cidad\u00e3o Especial (Pace), oferecido pela Secretaria Municipal de Mobilidade Urbana (Semob), teve sua frota ampliada, garantindo mais comodidade e conforto aos usu\u00e1rios. (Foto ilustra\u00e7\u00e3o) O Pace \u00e9 um servi\u00e7o municipal gratuito que oferece transporte porta a porta para pessoas com defici\u00eancia motora severa ou mobilidade reduzida, devidamente cadastradas pela prefeitura. Implantado em 2007, o programa \u00e9 operado por vans adaptadas e visa assegurar o direito de ir e vir dessa parcela da popula\u00e7\u00e3o. O secret\u00e1rio da Semob, Josivaldo Santana, explicou que a amplia\u00e7\u00e3o do atendimento levar\u00e1 mais tranquilidade e oportunidades aos beneficiados. \u201cCom o aumento da frota, os passageiros poder\u00e3o utilizar o transporte tamb\u00e9m para frequentar shows, teatros e outras op\u00e7\u00f5es de lazer. Mais do que atender apenas a demandas de sa\u00fade, agora os usu\u00e1rios do servi\u00e7o poder\u00e3o participar de eventos culturais, o que traz mais qualidade de vida a todos\u201d, afirmou. O servi\u00e7o funciona diariamente com o intuito de auxiliar na rotina de tratamentos m\u00e9dicos, al\u00e9m de fomentar o acesso \u00e0 cultura e ao lazer. Com a atualiza\u00e7\u00e3o, o programa passa a contar com 10 vans, atendendo a 90 usu\u00e1rios, que passar\u00e3o a usufruir de um atendimento mais \u00e1gil e confort\u00e1vel. Com a expans\u00e3o do servi\u00e7o, a prefeitura municipal refor\u00e7a seu compromisso em garantir mais dignidade e qualidade de vida \u00e0 popula\u00e7\u00e3o. A solicita\u00e7\u00e3o de inclus\u00e3o ao PACE pode ser feita na Central de Atendimento na sede da SMT, situada \u00e0 rua Miranda, 655, no bairro Mangabeira. O processo \u00e9 composto de avalia\u00e7\u00e3o com per\u00edcia m\u00e9dica e entrevista com assistente social. O interessado dever\u00e1 apresentar a c\u00f3pia do documento oficial com foto, CPF e comprovante de resid\u00eancia atualizado. Relat\u00f3rio m\u00e9dico emitido por um profissional de sa\u00fade de Feira de Santana. (Secom)<\/div>\n","protected":false},"excerpt":{"rendered":"<p>Programa de Acessibilidade ao Cidad\u00e3o Especial (Pace), oferecido pela Secretaria Municipal de Mobilidade Urbana (Semob), teve sua frota ampliada, garantindo mais comodidade e conforto aos usu\u00e1rios. (Foto ilustra\u00e7\u00e3o) O Pace \u00e9 um servi\u00e7o municipal gratuito que oferece transporte porta a porta para pessoas com defici\u00eancia motora severa ou mobilidade reduzida, devidamente cadastradas pela prefeitura. Implantado<\/p>\n","protected":false},"author":8,"featured_media":0,"comment_status":"closed","ping_status":"closed","sticky":false,"template":"","format":"standard","meta":{"fifu_image_url":"","fifu_image_alt":"","footnotes":""},"categories":[33],"tags":[],"class_list":["post-13115","post","type-post","status-publish","format-standard","hentry","category-noticias"],"_links":{"self":[{"href":"https:\/\/ilheusnews.com.br\/index.php?rest_route=\/wp\/v2\/posts\/13115","targetHints":{"allow":["GET"]}}],"collection":[{"href":"https:\/\/ilheusnews.com.br\/index.php?rest_route=\/wp\/v2\/posts"}],"about":[{"href":"https:\/\/ilheusnews.com.br\/index.php?rest_route=\/wp\/v2\/types\/post"}],"author":[{"embeddable":true,"href":"https:\/\/ilheusnews.com.br\/index.php?rest_route=\/wp\/v2\/users\/8"}],"replies":[{"embeddable":true,"href":"https:\/\/ilheusnews.com.br\/index.php?rest_route=%2Fwp%2Fv2%2Fcomments&post=13115"}],"version-history":[{"count":0,"href":"https:\/\/ilheusnews.com.br\/index.php?rest_route=\/wp\/v2\/posts\/13115\/revisions"}],"wp:attachment":[{"href":"https:\/\/ilheusnews.com.br\/index.php?rest_route=%2Fwp%2Fv2%2Fmedia&parent=13115"}],"wp:term":[{"taxonomy":"category","embeddable":true,"href":"https:\/\/ilheusnews.com.br\/index.php?rest_route=%2Fwp%2Fv2%2Fcategories&post=13115"},{"taxonomy":"post_tag","embeddable":true,"href":"https:\/\/ilheusnews.com.br\/index.php?rest_route=%2Fwp%2Fv2%2Ftags&post=13115"}],"curies":[{"name":"wp","href":"https:\/\/api.w.org\/{rel}","templated":true}]}}