{"id":13105,"date":"2026-07-30T06:00:41","date_gmt":"2026-07-30T09:00:41","guid":{"rendered":"https:\/\/ilheusnews.com.br\/?p=13105"},"modified":"2026-07-30T06:00:41","modified_gmt":"2026-07-30T09:00:41","slug":"tre-ba-promove-treinamento-do-eleitor-sobre-uso-da-urna-eletronica-no-shopping-bela-vista-de-3-a-5-de-agosto","status":"publish","type":"post","link":"https:\/\/ilheusnews.com.br\/?p=13105","title":{"rendered":"TRE-BA promove Treinamento do Eleitor sobre uso da urna eletr\u00f4nica no Shopping Bela Vista de 3 a 5 de agosto"},"content":{"rendered":"<div>O Tribunal Regional Eleitoral da Bahia (TRE-BA) orientar\u00e1 eleitoras e eleitores de Salvador sobre a utiliza\u00e7\u00e3o da urna eletr\u00f4nica para as Elei\u00e7\u00f5es Gerais 2026, no Shopping Bela Vista, Piso L2, de 3 a 5 de agosto. A a\u00e7\u00e3o, que integra o Projeto de Treinamento do Eleitor, \u00e9 promovida pelas 003\u00aa e 005\u00aa Zonas Eleitorais e ocorrer\u00e1 de 9h \u00e0s 18h.\u00a0\u00a0(Foto ilustra\u00e7\u00e3o) A iniciativa da Justi\u00e7a Eleitoral da Bahia promove explica\u00e7\u00f5es \u00e0s eleitoras e aos eleitores sobre o uso do equipamento no momento do voto, a ordem de vota\u00e7\u00e3o dos cargos em disputa e\u00a0a import\u00e2ncia de comparecer \u00e0 se\u00e7\u00e3o eleitoral com os n\u00fameros das(os) candidatas(os) previamente anotados, propiciando tranquilidade e efici\u00eancia no momento da vota\u00e7\u00e3o.\u00a0\u00a0\u00a0 Segundo o secret\u00e1rio de Tecnologia da Informa\u00e7\u00e3o e Comunica\u00e7\u00e3o (STI) do TRE-BA e presidente da Comiss\u00e3o de Comunica\u00e7\u00e3o e Orienta\u00e7\u00e3o ao Eleitor sobre a Utiliza\u00e7\u00e3o da Urna Eletr\u00f4nica para as Elei\u00e7\u00f5es 2026, Andr\u00e9 Cavalcante, o treinamento \u00e9 uma oportunidade para que o p\u00fablico se familiarize com o equipamento e conhe\u00e7a a ordem dos votos, facilitando o processo de vota\u00e7\u00e3o. \u201cAo oportunizar a simula\u00e7\u00e3o do voto e esclarecer d\u00favidas, contribu\u00edmos para que a vota\u00e7\u00e3o ocorra com mais agilidade em um pleito que exige seis escolhas, seis votos na urna. Isso fortalece a confian\u00e7a da popula\u00e7\u00e3o no processo eleitoral e possibilitar\u00e1 uma experi\u00eancia mais acess\u00edvel e eficiente nas Elei\u00e7\u00f5es de outubro\u201d, ressaltou.\u00a0 No pleito deste ano o eleitorado votar\u00e1 em 2026 para seis cargos na ordem de deputado federal; deputado estadual; senador (primeira vaga); senador (segunda vaga); governador e vice-governador; e presidente e vice-presidente da Rep\u00fablica. (Fonte: TREBA)<\/div>\n","protected":false},"excerpt":{"rendered":"<p>O Tribunal Regional Eleitoral da Bahia (TRE-BA) orientar\u00e1 eleitoras e eleitores de Salvador sobre a utiliza\u00e7\u00e3o da urna eletr\u00f4nica para as Elei\u00e7\u00f5es Gerais 2026, no Shopping Bela Vista, Piso L2, de 3 a 5 de agosto. A a\u00e7\u00e3o, que integra o Projeto de Treinamento do Eleitor, \u00e9 promovida pelas 003\u00aa e 005\u00aa Zonas Eleitorais e<\/p>\n","protected":false},"author":8,"featured_media":0,"comment_status":"closed","ping_status":"closed","sticky":false,"template":"","format":"standard","meta":{"fifu_image_url":"","fifu_image_alt":"","footnotes":""},"categories":[33],"tags":[],"class_list":["post-13105","post","type-post","status-publish","format-standard","hentry","category-noticias"],"_links":{"self":[{"href":"https:\/\/ilheusnews.com.br\/index.php?rest_route=\/wp\/v2\/posts\/13105","targetHints":{"allow":["GET"]}}],"collection":[{"href":"https:\/\/ilheusnews.com.br\/index.php?rest_route=\/wp\/v2\/posts"}],"about":[{"href":"https:\/\/ilheusnews.com.br\/index.php?rest_route=\/wp\/v2\/types\/post"}],"author":[{"embeddable":true,"href":"https:\/\/ilheusnews.com.br\/index.php?rest_route=\/wp\/v2\/users\/8"}],"replies":[{"embeddable":true,"href":"https:\/\/ilheusnews.com.br\/index.php?rest_route=%2Fwp%2Fv2%2Fcomments&post=13105"}],"version-history":[{"count":0,"href":"https:\/\/ilheusnews.com.br\/index.php?rest_route=\/wp\/v2\/posts\/13105\/revisions"}],"wp:attachment":[{"href":"https:\/\/ilheusnews.com.br\/index.php?rest_route=%2Fwp%2Fv2%2Fmedia&parent=13105"}],"wp:term":[{"taxonomy":"category","embeddable":true,"href":"https:\/\/ilheusnews.com.br\/index.php?rest_route=%2Fwp%2Fv2%2Fcategories&post=13105"},{"taxonomy":"post_tag","embeddable":true,"href":"https:\/\/ilheusnews.com.br\/index.php?rest_route=%2Fwp%2Fv2%2Ftags&post=13105"}],"curies":[{"name":"wp","href":"https:\/\/api.w.org\/{rel}","templated":true}]}}