{"id":13080,"date":"2026-07-29T18:00:54","date_gmt":"2026-07-29T21:00:54","guid":{"rendered":"https:\/\/ilheusnews.com.br\/?p=13080"},"modified":"2026-07-29T18:00:54","modified_gmt":"2026-07-29T21:00:54","slug":"terra-pode-ter-relogio-geologico-que-dispara-grandes-catastrofes","status":"publish","type":"post","link":"https:\/\/ilheusnews.com.br\/?p=13080","title":{"rendered":"Terra pode ter \u201crel\u00f3gio geol\u00f3gico\u201d que dispara grandes cat\u00e1strofes"},"content":{"rendered":"<div>\n<p>Extin\u00e7\u00f5es em massa, erup\u00e7\u00f5es vulc\u00e2nicas gigantescas, <a href=\"https:\/\/olhardigital.com.br\/tag\/oceanos\/\" target=\"_blank\" rel=\"noreferrer noopener\">oceanos<\/a> subitamente sem <a href=\"https:\/\/olhardigital.com.br\/tag\/oxigenio\/\" target=\"_blank\" rel=\"noreferrer noopener\">oxig\u00eanio<\/a> e outras grandes transforma\u00e7\u00f5es geol\u00f3gicas na Terra podem estar ligadas por um mesmo padr\u00e3o que se repete ao longo de dezenas de milh\u00f5es de anos.<\/p>\n<p>Essa \u00e9 a conclus\u00e3o de uma nova an\u00e1lise publicada na revista cient\u00edfica <em><a href=\"https:\/\/doi.org\/10.1016\/j.eve.2026.100116\" target=\"_blank\" rel=\"noreferrer noopener\">Evolving Earth<\/a><\/em>, que refor\u00e7a a hip\u00f3tese de que os maiores cataclismos da hist\u00f3ria do <a href=\"https:\/\/olhardigital.com.br\/tag\/planeta\/\" target=\"_blank\" rel=\"noreferrer noopener\">planeta<\/a> seguem um ciclo de aproximadamente 27,5 milh\u00f5es de anos.<\/p>\n<p>A ideia de que eventos geol\u00f3gicos extremos ocorrem de forma peri\u00f3dica n\u00e3o \u00e9 nova. Ela surgiu na d\u00e9cada de 1980, quando pesquisadores propuseram que extin\u00e7\u00f5es em massa e outros grandes acontecimentos da hist\u00f3ria da Terra poderiam se repetir em intervalos relativamente regulares. Desde ent\u00e3o, diversos estudos encontraram ind\u00edcios semelhantes, embora a hip\u00f3tese permane\u00e7a alvo de debate na comunidade cient\u00edfica.<\/p>\n<p>Agora, utilizando escalas de tempo geol\u00f3gicas atualizadas e m\u00e9todos estat\u00edsticos mais recentes, o ge\u00f3logo Michael Rampino, da Universidade de Nova York, revisitou as evid\u00eancias e concluiu que o padr\u00e3o continua consistente.<\/p>\n<h2 class=\"wp-block-heading\" id=\"h-analise-reuniu-89-grandes-eventos-geologicos\">An\u00e1lise reuniu 89 grandes eventos geol\u00f3gicos<\/h2>\n<p>Para realizar o estudo, Rampino reexaminou 89 grandes eventos geol\u00f3gicos registrados ao longo dos \u00faltimos 260 milh\u00f5es de anos com base em conjuntos de dados publicados anteriormente.<\/p>\n<p>A an\u00e1lise incluiu extin\u00e7\u00f5es marinhas em massa, eventos de an\u00f3xia oce\u00e2nica \u2014 quando os oceanos ficam privados de oxig\u00eanio \u2014, erup\u00e7\u00f5es de grandes prov\u00edncias bas\u00e1lticas, varia\u00e7\u00f5es no n\u00edvel do mar, extin\u00e7\u00f5es de tetr\u00e1podes terrestres, mudan\u00e7as na velocidade de expans\u00e3o do assoalho oce\u00e2nico e epis\u00f3dios de vulcanismo intraplaca.<\/p>\n<p>Segundo o pesquisador, todos esses registros revelam uma periodicidade dominante de aproximadamente 27,5 milh\u00f5es de anos. O estudo tamb\u00e9m identificou um ciclo secund\u00e1rio, mais fraco, de cerca de 8,9 milh\u00f5es de anos.<\/p>\n<p>Em vez de sugerir que um desastre provoque diretamente outro, a an\u00e1lise prop\u00f5e que diferentes sistemas terrestres respondam periodicamente aos mesmos processos geol\u00f3gicos de longo prazo. Quais seriam esses processos, no entanto, ainda \u00e9 uma quest\u00e3o em aberto.<\/p>\n<h2 class=\"wp-block-heading\" id=\"h-interior-da-terra-pode-ser-responsavel-pelo-ritmo\">Interior da Terra pode ser respons\u00e1vel pelo ritmo<\/h2>\n<ul>\n<li>Uma das hip\u00f3teses discutidas no estudo envolve o pr\u00f3prio interior do planeta;<\/li>\n<li>O manto terrestre est\u00e1 em constante movimento por meio de correntes de convec\u00e7\u00e3o extremamente lentas;<\/li>\n<li>Segundo Rampino, mudan\u00e7as peri\u00f3dicas nesse processo ou o surgimento de plumas mant\u00e9licas poderiam influenciar fen\u00f4menos como vulcanismo, tect\u00f4nica de placas e forma\u00e7\u00e3o de cadeias de montanhas;<\/li>\n<li>Como esses sistemas est\u00e3o interligados, perturba\u00e7\u00f5es originadas nas camadas profundas da Terra poderiam, ao longo de milh\u00f5es de anos, afetar a superf\u00edcie, os oceanos, o clima e at\u00e9 mesmo a biosfera;<\/li>\n<li>Outra possibilidade envolve a intera\u00e7\u00e3o entre a superf\u00edcie e o interior do planeta. Altera\u00e7\u00f5es orbitais de longo prazo podem modificar o clima e o n\u00edvel do mar, redistribuindo enormes quantidades de \u00e1gua, gelo e sedimentos;<\/li>\n<li>Essa redistribui\u00e7\u00e3o de massa poderia alterar as tens\u00f5es na crosta terrestre e no manto superior, influenciando a atividade vulc\u00e2nica e tect\u00f4nica.<\/li>\n<\/ul>\n<div class=\"wp-block-image\">\n<figure class=\"aligncenter size-large\"><figcaption class=\"wp-element-caption\">Idades mais bem determinadas de eventos geol\u00f3gicos (barras vermelhas), crises ambientais (barras verdes) e extin\u00e7\u00f5es em massa (asteriscos e estrelas) nos \u00faltimos 260 milh\u00f5es de anos parecem coincidir com a passagem da Terra pelo plano m\u00e9dio gal\u00e1ctico (linha pontilhada) a cada 32 milh\u00f5es de anos, aproximadamente \u2013 Imagem: Rampino, Evolving Earth, 2026<\/figcaption><\/figure>\n<\/div>\n<p><strong>Leia mais:<\/strong><\/p>\n<ul>\n<li><a href=\"https:\/\/olhardigital.com.br\/2024\/06\/18\/ciencia-e-espaco\/tecnologia-da-terra-enfrenta-poderosa-ameaca-cosmica\/\" target=\"_blank\" rel=\"noreferrer noopener\">Tecnologia da Terra enfrenta poderosa amea\u00e7a c\u00f3smica<\/a><\/li>\n<li><a href=\"https:\/\/olhardigital.com.br\/2025\/09\/11\/ciencia-e-espaco\/e-se-a-terra-girasse-ao-contrario-descubra-como-seria-a-vida-no-planeta\/\" target=\"_blank\" rel=\"noreferrer noopener\">E se a Terra girasse ao contr\u00e1rio? Descubra como seria a vida no planeta<\/a><\/li>\n<li><a href=\"https:\/\/olhardigital.com.br\/2024\/07\/03\/ciencia-e-espaco\/combinacao-fatal-entre-o-sol-e-a-terra-pode-ameacar-a-vida-no-planeta\/\" target=\"_blank\" rel=\"noreferrer noopener\">Combina\u00e7\u00e3o fatal entre o Sol e a Terra pode amea\u00e7ar a vida no planeta<\/a><\/li>\n<\/ul>\n<h2 class=\"wp-block-heading\" id=\"h-influencias-da-via-lactea-tambem-sao-consideradas\">Influ\u00eancias da Via L\u00e1ctea tamb\u00e9m s\u00e3o consideradas<\/h2>\n<p>Rampino tamb\u00e9m explora hip\u00f3teses que envolvem processos astron\u00f4micos.<\/p>\n<p>\u00c0 medida que o Sistema Solar orbita o centro da Via L\u00e1ctea, ele oscila acima e abaixo do plano da gal\u00e1xia. Segundo o pesquisador, o momento dessas passagens coincide com diversos grandes cataclismos registrados na Terra.<\/p>\n<p>Outros cientistas sugerem que essas travessias poderiam perturbar gravitacionalmente cometas localizados na distante Nuvem de Oort, aumentando a probabilidade de impactos de grandes asteroides contra o planeta.<\/p>\n<p>Outra hip\u00f3tese, ainda mais especulativa, prop\u00f5e que a mat\u00e9ria escura esteja concentrada pr\u00f3xima ao plano gal\u00e1ctico. Nesse cen\u00e1rio, uma pequena fra\u00e7\u00e3o dessa mat\u00e9ria poderia ser capturada pela Terra, produzindo calor adicional no interior do planeta ao longo de milh\u00f5es de anos e influenciando sua atividade geol\u00f3gica.<\/p>\n<p>O pr\u00f3prio estudo ressalta, por\u00e9m, que atualmente n\u00e3o existem evid\u00eancias diretas que confirmem qualquer um desses mecanismos, raz\u00e3o pela qual permanecem altamente controversos.<\/p>\n<h2 class=\"wp-block-heading\" id=\"h-asteroides-tambem-podem-seguir-o-mesmo-padrao\">Asteroides tamb\u00e9m podem seguir o mesmo padr\u00e3o<\/h2>\n<p>Embora os impactos de asteroides n\u00e3o tenham sido inclu\u00eddos na an\u00e1lise estat\u00edstica dos 89 eventos, Rampino observa que a idade de v\u00e1rias das maiores crateras conhecidas na Terra \u00e9 amplamente compat\u00edvel com o ciclo de 27,5 milh\u00f5es de anos proposto em pesquisas anteriores.<\/p>\n<p>O pesquisador afirma que essa coincid\u00eancia merece investiga\u00e7\u00f5es futuras, mas evita concluir que exista uma rela\u00e7\u00e3o de causa e efeito.<\/p>\n<h2 class=\"wp-block-heading\" id=\"h-debate-continua-aberto\">Debate continua aberto<\/h2>\n<p>Apesar dos novos resultados, o autor reconhece que identificar ciclos ao longo de centenas de milh\u00f5es de anos \u00e9 uma tarefa complexa.<\/p>\n<p>Os registros geol\u00f3gicos s\u00e3o incompletos, a data\u00e7\u00e3o de eventos antigos possui margens de incerteza cada vez maiores e an\u00e1lises estat\u00edsticas podem apontar padr\u00f5es que desaparecem \u00e0 medida que novas evid\u00eancias surgem.<\/p>\n<p>Ainda assim, Rampino destaca que a periodicidade de aproximadamente 27,5 milh\u00f5es de anos permaneceu consistente mesmo ap\u00f3s d\u00e9cadas de refinamento das escalas geol\u00f3gicas e da amplia\u00e7\u00e3o dos bancos de dados utilizados pelos pesquisadores.<\/p>\n<p>Segundo ele, caso estudos futuros confirmem esse padr\u00e3o, os maiores cataclismos da hist\u00f3ria da Terra poder\u00e3o deixar de ser vistos como eventos isolados e passar\u00e3o a ser interpretados como manifesta\u00e7\u00f5es recorrentes de processos naturais que moldam o planeta ao longo de centenas de milh\u00f5es de anos.<\/p>\n<p>\u201cEmbora essas ideias ainda estejam majoritariamente fora da corrente principal do pensamento geol\u00f3gico atual\u201d, conclui Rampino, \u201celas poderiam ser os primeiros passos de um importante avan\u00e7o conceitual nas ci\u00eancias da Terra, que reconhece a correla\u00e7\u00e3o global de grandes eventos geol\u00f3gicos, a natureza geralmente peri\u00f3dica do registro geol\u00f3gico de v\u00e1rios milh\u00f5es de anos e conex\u00f5es astron\u00f4micas que poderiam situar nosso planeta de forma mais firme em seu verdadeiro contexto c\u00f3smico\u201d.<\/p>\n<p>O post <a href=\"https:\/\/olhardigital.com.br\/2026\/07\/29\/ciencia-e-espaco\/terra-pode-ter-relogio-geologico-que-dispara-grandes-catastrofes\/\">Terra pode ter \u201crel\u00f3gio geol\u00f3gico\u201d que dispara grandes cat\u00e1strofes<\/a> apareceu primeiro em <a href=\"https:\/\/olhardigital.com.br\/\">Olhar Digital<\/a>.<\/p>\n<\/div>\n","protected":false},"excerpt":{"rendered":"<p>Extin\u00e7\u00f5es em massa, erup\u00e7\u00f5es vulc\u00e2nicas gigantescas, oceanos subitamente sem oxig\u00eanio e outras grandes transforma\u00e7\u00f5es geol\u00f3gicas na Terra podem estar ligadas por um mesmo padr\u00e3o que se repete ao longo de dezenas de milh\u00f5es de anos. Essa \u00e9 a conclus\u00e3o de uma nova an\u00e1lise publicada na revista cient\u00edfica Evolving Earth, que refor\u00e7a a hip\u00f3tese de que<\/p>\n","protected":false},"author":6,"featured_media":13081,"comment_status":"closed","ping_status":"closed","sticky":false,"template":"","format":"standard","meta":{"fifu_image_url":"https:\/\/olhardigital.com.br\/wp-content\/uploads\/2026\/07\/ciclos_terra-1024x270.png","fifu_image_alt":"Terra pode ter \u201crel\u00f3gio geol\u00f3gico\u201d que dispara grandes cat\u00e1strofes","footnotes":""},"categories":[33],"tags":[],"class_list":["post-13080","post","type-post","status-publish","format-standard","has-post-thumbnail","hentry","category-noticias"],"_links":{"self":[{"href":"https:\/\/ilheusnews.com.br\/index.php?rest_route=\/wp\/v2\/posts\/13080","targetHints":{"allow":["GET"]}}],"collection":[{"href":"https:\/\/ilheusnews.com.br\/index.php?rest_route=\/wp\/v2\/posts"}],"about":[{"href":"https:\/\/ilheusnews.com.br\/index.php?rest_route=\/wp\/v2\/types\/post"}],"author":[{"embeddable":true,"href":"https:\/\/ilheusnews.com.br\/index.php?rest_route=\/wp\/v2\/users\/6"}],"replies":[{"embeddable":true,"href":"https:\/\/ilheusnews.com.br\/index.php?rest_route=%2Fwp%2Fv2%2Fcomments&post=13080"}],"version-history":[{"count":0,"href":"https:\/\/ilheusnews.com.br\/index.php?rest_route=\/wp\/v2\/posts\/13080\/revisions"}],"wp:featuredmedia":[{"embeddable":true,"href":"https:\/\/ilheusnews.com.br\/index.php?rest_route=\/wp\/v2\/media\/13081"}],"wp:attachment":[{"href":"https:\/\/ilheusnews.com.br\/index.php?rest_route=%2Fwp%2Fv2%2Fmedia&parent=13080"}],"wp:term":[{"taxonomy":"category","embeddable":true,"href":"https:\/\/ilheusnews.com.br\/index.php?rest_route=%2Fwp%2Fv2%2Fcategories&post=13080"},{"taxonomy":"post_tag","embeddable":true,"href":"https:\/\/ilheusnews.com.br\/index.php?rest_route=%2Fwp%2Fv2%2Ftags&post=13080"}],"curies":[{"name":"wp","href":"https:\/\/api.w.org\/{rel}","templated":true}]}}