{"id":13073,"date":"2026-07-29T18:00:48","date_gmt":"2026-07-29T21:00:48","guid":{"rendered":"https:\/\/ilheusnews.com.br\/?p=13073"},"modified":"2026-07-29T18:00:48","modified_gmt":"2026-07-29T21:00:48","slug":"comissao-aprova-projeto-que-desvincula-multas-de-transito-de-veiculos-locados","status":"publish","type":"post","link":"https:\/\/ilheusnews.com.br\/?p=13073","title":{"rendered":"Comiss\u00e3o aprova projeto que desvincula multas de tr\u00e2nsito de ve\u00edculos locados"},"content":{"rendered":"<div>A Comiss\u00e3o de Constitui\u00e7\u00e3o e Justi\u00e7a e de Cidadania (CCJ) da C\u00e2mara dos Deputados aprovou, em 15 de julho, projeto de lei que permite a desvincula\u00e7\u00e3o de multas de tr\u00e2nsito do registro do ve\u00edculo em casos espec\u00edficos. (Foto ilustra\u00e7\u00e3o) A proposta altera o C\u00f3digo de Tr\u00e2nsito Brasileiro. Desta forma, o auto de infra\u00e7\u00e3o ser\u00e1 desvinculado do ve\u00edculo quando a culpa for do embarcador ou do transportador que n\u00e3o seja o dono do ve\u00edculo. A regra tamb\u00e9m valer\u00e1 para carros alugados. Al\u00e9m disso, a desvincula\u00e7\u00e3o ocorrer\u00e1 em casos de perdimento do bem em favor da administra\u00e7\u00e3o p\u00fablica. Nas situa\u00e7\u00f5es previstas, as cobran\u00e7as e notifica\u00e7\u00f5es ser\u00e3o dirigidas \u00e0 pessoa ou empresa definida no ato de desvincula\u00e7\u00e3o. Ap\u00f3s ajuste no texto, o relator na CCJ, deputado Toninho Wandscheer (PP-PR), recomendou a aprova\u00e7\u00e3o do Projeto de Lei 5733\/23, da deputada Helena Lima (PSD-RR). Ele tamb\u00e9m acatou ajustes da Comiss\u00e3o de Via\u00e7\u00e3o e Transportes. Como foi analisada em car\u00e1ter conclusivo, a proposta poder\u00e1 seguir para o Senado, salvo se houver recurso para an\u00e1lise no Plen\u00e1rio da C\u00e2mara. Para virar lei, a vers\u00e3o final do texto precisa ser aprovada pelas duas Casas. (Ag\u00eancia C\u00e2mara)<\/div>\n","protected":false},"excerpt":{"rendered":"<p>A Comiss\u00e3o de Constitui\u00e7\u00e3o e Justi\u00e7a e de Cidadania (CCJ) da C\u00e2mara dos Deputados aprovou, em 15 de julho, projeto de lei que permite a desvincula\u00e7\u00e3o de multas de tr\u00e2nsito do registro do ve\u00edculo em casos espec\u00edficos. (Foto ilustra\u00e7\u00e3o) A proposta altera o C\u00f3digo de Tr\u00e2nsito Brasileiro. Desta forma, o auto de infra\u00e7\u00e3o ser\u00e1 desvinculado<\/p>\n","protected":false},"author":8,"featured_media":0,"comment_status":"closed","ping_status":"closed","sticky":false,"template":"","format":"standard","meta":{"fifu_image_url":"","fifu_image_alt":"","footnotes":""},"categories":[33],"tags":[],"class_list":["post-13073","post","type-post","status-publish","format-standard","hentry","category-noticias"],"_links":{"self":[{"href":"https:\/\/ilheusnews.com.br\/index.php?rest_route=\/wp\/v2\/posts\/13073","targetHints":{"allow":["GET"]}}],"collection":[{"href":"https:\/\/ilheusnews.com.br\/index.php?rest_route=\/wp\/v2\/posts"}],"about":[{"href":"https:\/\/ilheusnews.com.br\/index.php?rest_route=\/wp\/v2\/types\/post"}],"author":[{"embeddable":true,"href":"https:\/\/ilheusnews.com.br\/index.php?rest_route=\/wp\/v2\/users\/8"}],"replies":[{"embeddable":true,"href":"https:\/\/ilheusnews.com.br\/index.php?rest_route=%2Fwp%2Fv2%2Fcomments&post=13073"}],"version-history":[{"count":0,"href":"https:\/\/ilheusnews.com.br\/index.php?rest_route=\/wp\/v2\/posts\/13073\/revisions"}],"wp:attachment":[{"href":"https:\/\/ilheusnews.com.br\/index.php?rest_route=%2Fwp%2Fv2%2Fmedia&parent=13073"}],"wp:term":[{"taxonomy":"category","embeddable":true,"href":"https:\/\/ilheusnews.com.br\/index.php?rest_route=%2Fwp%2Fv2%2Fcategories&post=13073"},{"taxonomy":"post_tag","embeddable":true,"href":"https:\/\/ilheusnews.com.br\/index.php?rest_route=%2Fwp%2Fv2%2Ftags&post=13073"}],"curies":[{"name":"wp","href":"https:\/\/api.w.org\/{rel}","templated":true}]}}