{"id":13055,"date":"2026-07-29T12:02:59","date_gmt":"2026-07-29T15:02:59","guid":{"rendered":"https:\/\/ilheusnews.com.br\/?p=13055"},"modified":"2026-07-29T12:02:59","modified_gmt":"2026-07-29T15:02:59","slug":"tarcisio-tem-518-contra-383-de-haddad-em-eventual-2o-turno-em-sao-paulo-diz-parana-pesquisas","status":"publish","type":"post","link":"https:\/\/ilheusnews.com.br\/?p=13055","title":{"rendered":"Tarc\u00edsio tem 51,8% contra 38,3% de Haddad em eventual 2\u00ba turno em S\u00e3o Paulo, diz Paran\u00e1 Pesquisas"},"content":{"rendered":"<div>Pesquisa do Instituto\u00a0Paran\u00e1 Pesquisas\u00a0divulgada nesta quarta-feira (29) mostrou que o governador de S\u00e3o Paulo,\u00a0Tarc\u00edsio de Freitas\u00a0(Republicanos), e o ex-ministro\u00a0Fernando Haddad\u00a0(PT)\u00a0lideram as inten\u00e7\u00f5es de voto no primeiro turno\u00a0do pleito para o Pal\u00e1cio dos Bandeirantes.\u00a0J\u00e1 na segunda volta, o atual chefe do Executivo aparece \u00e0 frente do petista. (Foto ilustra\u00e7\u00e3o: Tarc\u00edsio de Freitas e Fernando Haddad) Segundo o levantamento,\u00a0Tarc\u00edsio registra 48,5%\u00a0das inten\u00e7\u00f5es de voto.\u00a0Haddad tem 35,1%. Na sequ\u00eancia, aparecem: \u2013 Vera L\u00facia (PSTU):\u00a01,7% \u2013 Carlos Machado (PCB):\u00a01,1% \u2013 Vivian Mendes (UP):\u00a00,9% J\u00e1 em eventual segundo turno,\u00a0Tarc\u00edsio soma 51,8%\u00a0contra\u00a038,3% de Haddad. J\u00e1 6,5% dos entrevistados disseram que votariam em branco ou nulo. Outros 3,3% responderam n\u00e3o saber. De 25 a 28 de julho, o Instituto Paran\u00e1 Pesquisas entrevistou 1.680 pessoas presencialmente. A margem de erro \u00e9 de 2,4 pontos percentuais com taxa de confian\u00e7a de 95%. A pesquisa foi registrada no Tribunal Superior Eleitoral (TSE) em 23 de julho de 2026 com o n\u00famero SP-04624\/2026. (Jovempan)<\/div>\n","protected":false},"excerpt":{"rendered":"<p>Pesquisa do Instituto\u00a0Paran\u00e1 Pesquisas\u00a0divulgada nesta quarta-feira (29) mostrou que o governador de S\u00e3o Paulo,\u00a0Tarc\u00edsio de Freitas\u00a0(Republicanos), e o ex-ministro\u00a0Fernando Haddad\u00a0(PT)\u00a0lideram as inten\u00e7\u00f5es de voto no primeiro turno\u00a0do pleito para o Pal\u00e1cio dos Bandeirantes.\u00a0J\u00e1 na segunda volta, o atual chefe do Executivo aparece \u00e0 frente do petista. (Foto ilustra\u00e7\u00e3o: Tarc\u00edsio de Freitas e Fernando Haddad) Segundo<\/p>\n","protected":false},"author":8,"featured_media":0,"comment_status":"closed","ping_status":"closed","sticky":false,"template":"","format":"standard","meta":{"fifu_image_url":"","fifu_image_alt":"","footnotes":""},"categories":[33],"tags":[],"class_list":["post-13055","post","type-post","status-publish","format-standard","hentry","category-noticias"],"_links":{"self":[{"href":"https:\/\/ilheusnews.com.br\/index.php?rest_route=\/wp\/v2\/posts\/13055","targetHints":{"allow":["GET"]}}],"collection":[{"href":"https:\/\/ilheusnews.com.br\/index.php?rest_route=\/wp\/v2\/posts"}],"about":[{"href":"https:\/\/ilheusnews.com.br\/index.php?rest_route=\/wp\/v2\/types\/post"}],"author":[{"embeddable":true,"href":"https:\/\/ilheusnews.com.br\/index.php?rest_route=\/wp\/v2\/users\/8"}],"replies":[{"embeddable":true,"href":"https:\/\/ilheusnews.com.br\/index.php?rest_route=%2Fwp%2Fv2%2Fcomments&post=13055"}],"version-history":[{"count":0,"href":"https:\/\/ilheusnews.com.br\/index.php?rest_route=\/wp\/v2\/posts\/13055\/revisions"}],"wp:attachment":[{"href":"https:\/\/ilheusnews.com.br\/index.php?rest_route=%2Fwp%2Fv2%2Fmedia&parent=13055"}],"wp:term":[{"taxonomy":"category","embeddable":true,"href":"https:\/\/ilheusnews.com.br\/index.php?rest_route=%2Fwp%2Fv2%2Fcategories&post=13055"},{"taxonomy":"post_tag","embeddable":true,"href":"https:\/\/ilheusnews.com.br\/index.php?rest_route=%2Fwp%2Fv2%2Ftags&post=13055"}],"curies":[{"name":"wp","href":"https:\/\/api.w.org\/{rel}","templated":true}]}}