{"id":13054,"date":"2026-07-29T12:02:57","date_gmt":"2026-07-29T15:02:57","guid":{"rendered":"https:\/\/ilheusnews.com.br\/?p=13054"},"modified":"2026-07-29T12:02:57","modified_gmt":"2026-07-29T15:02:57","slug":"universitarios-tem-ate-31-de-agosto-para-revalidar-cartao-via-feira-e-garantir-meia-tarifa","status":"publish","type":"post","link":"https:\/\/ilheusnews.com.br\/?p=13054","title":{"rendered":"Universit\u00e1rios t\u00eam at\u00e9 31 de agosto para revalidar Cart\u00e3o Via Feira e garantir meia-tarifa"},"content":{"rendered":"<div>A Prefeitura de Feira de Santana, por meio da Secretaria Municipal de Mobilidade Urbana (Semob), alerta os estudantes universit\u00e1rios sobre o prazo para a revalida\u00e7\u00e3o do Cart\u00e3o Via Feira Estudante. O procedimento, referente ao segundo semestre letivo de 2026.2, deve ser realizado at\u00e9 o dia 31 de agosto, exclusivamente pela internet, sem qualquer cobran\u00e7a de taxa. (Foto ilustra\u00e7\u00e3o) O benef\u00edcio \u00e9 destinado aos alunos de institui\u00e7\u00f5es p\u00fablicas e privadas de ensino superior que utilizam o transporte coletivo urbano no munic\u00edpio. A atualiza\u00e7\u00e3o cadastral \u00e9 obrigat\u00f3ria para garantir a continuidade do desconto na tarifa.\u00a0 Para efetuar a revalida\u00e7\u00e3o, o estudante deve acessar o site oficial viafeira.com.br, possuir um e-mail v\u00e1lido e anexar a documenta\u00e7\u00e3o exigida em formato PDF ou imagem.\u00a0 O estudante realiza o envio do\u00a0atestado de matr\u00edcula atualizado, emitido h\u00e1 no m\u00e1ximo 30 dias; carteira de identidade e CPF; Comprovante de resid\u00eancia;\u00a0 Fotografia recente. O secret\u00e1rio municipal de Mobilidade Urbana, Josivaldo Santana, destaca que o processo foi simplificado para facilitar o acesso dos estudantes ao servi\u00e7o.\u00a0 \u201cA revalida\u00e7\u00e3o \u00e9 totalmente online. Basta acessar o site, encaminhar a documenta\u00e7\u00e3o e aguardar a valida\u00e7\u00e3o. \u00c9 um procedimento r\u00e1pido, pr\u00e1tico e seguro. \u00c9 fundamental que os universit\u00e1rios realizem o processo dentro do prazo para evitar a suspens\u00e3o tempor\u00e1ria do benef\u00edcio\u201d, ressalta o secret\u00e1rio. A Semob informa que o estudante que n\u00e3o regularizar a situa\u00e7\u00e3o at\u00e9 o prazo estabelecido ficar\u00e1 impossibilitado de adquirir novos cr\u00e9ditos com o valor de meia-tarifa. Caso a revalida\u00e7\u00e3o seja feita ap\u00f3s o dia 31 de agosto, o desconto s\u00f3 voltar\u00e1 a ser concedido ap\u00f3s a an\u00e1lise e aprova\u00e7\u00e3o do cadastro. O passo a passo detalhado para a revalida\u00e7\u00e3o, bem como as orienta\u00e7\u00f5es para quem vai solicitar o cart\u00e3o pela primeira vez, est\u00e3o dispon\u00edveis no portal viafeira.com.br. (Secom)<\/div>\n","protected":false},"excerpt":{"rendered":"<p>A Prefeitura de Feira de Santana, por meio da Secretaria Municipal de Mobilidade Urbana (Semob), alerta os estudantes universit\u00e1rios sobre o prazo para a revalida\u00e7\u00e3o do Cart\u00e3o Via Feira Estudante. O procedimento, referente ao segundo semestre letivo de 2026.2, deve ser realizado at\u00e9 o dia 31 de agosto, exclusivamente pela internet, sem qualquer cobran\u00e7a de<\/p>\n","protected":false},"author":8,"featured_media":0,"comment_status":"closed","ping_status":"closed","sticky":false,"template":"","format":"standard","meta":{"fifu_image_url":"","fifu_image_alt":"","footnotes":""},"categories":[33],"tags":[],"class_list":["post-13054","post","type-post","status-publish","format-standard","hentry","category-noticias"],"_links":{"self":[{"href":"https:\/\/ilheusnews.com.br\/index.php?rest_route=\/wp\/v2\/posts\/13054","targetHints":{"allow":["GET"]}}],"collection":[{"href":"https:\/\/ilheusnews.com.br\/index.php?rest_route=\/wp\/v2\/posts"}],"about":[{"href":"https:\/\/ilheusnews.com.br\/index.php?rest_route=\/wp\/v2\/types\/post"}],"author":[{"embeddable":true,"href":"https:\/\/ilheusnews.com.br\/index.php?rest_route=\/wp\/v2\/users\/8"}],"replies":[{"embeddable":true,"href":"https:\/\/ilheusnews.com.br\/index.php?rest_route=%2Fwp%2Fv2%2Fcomments&post=13054"}],"version-history":[{"count":0,"href":"https:\/\/ilheusnews.com.br\/index.php?rest_route=\/wp\/v2\/posts\/13054\/revisions"}],"wp:attachment":[{"href":"https:\/\/ilheusnews.com.br\/index.php?rest_route=%2Fwp%2Fv2%2Fmedia&parent=13054"}],"wp:term":[{"taxonomy":"category","embeddable":true,"href":"https:\/\/ilheusnews.com.br\/index.php?rest_route=%2Fwp%2Fv2%2Fcategories&post=13054"},{"taxonomy":"post_tag","embeddable":true,"href":"https:\/\/ilheusnews.com.br\/index.php?rest_route=%2Fwp%2Fv2%2Ftags&post=13054"}],"curies":[{"name":"wp","href":"https:\/\/api.w.org\/{rel}","templated":true}]}}