{"id":13047,"date":"2026-07-29T06:01:00","date_gmt":"2026-07-29T09:01:00","guid":{"rendered":"https:\/\/ilheusnews.com.br\/?p=13047"},"modified":"2026-07-29T06:01:00","modified_gmt":"2026-07-29T09:01:00","slug":"tce-ba-vai-apreciar-contas-do-governador-nesta-quinta-feira","status":"publish","type":"post","link":"https:\/\/ilheusnews.com.br\/?p=13047","title":{"rendered":"TCE\/BA vai apreciar contas do governador nesta quinta-feira"},"content":{"rendered":"<div>O Tribunal de Contas do Estado da Bahia (TCE\/BA) realizar\u00e1, na pr\u00f3xima quinta-feira (30.07), a sess\u00e3o em que ser\u00e3o apreciadas as contas do chefe do Poder Executivo, referentes ao exerc\u00edcio de 2025, e emitido o parecer pr\u00e9vio que ser\u00e1 encaminhado \u00e0 Assembleia Legislativa da Bahia para julgamento. A relatora do processo \u00e9 a conselheira Carolina Matos, que \u00e9 corregedora do TCE\/BA, e vai apresentar aos demais conselheiros o relat\u00f3rio contendo todos os dados coletados e analisados pelas equipes de auditores e tamb\u00e9m o seu voto, com a proposta de parecer pr\u00e9vio sobre a presta\u00e7\u00e3o de contas. (Foto ilustra\u00e7\u00e3o) Os demais conselheiros poder\u00e3o apresentar votos em separado ou propor altera\u00e7\u00f5es na proposta pela relatora, e o resultado final ser\u00e1 o texto que for aprovado pela maioria. Ap\u00f3s a sess\u00e3o, o TCE\/BA encaminhar\u00e1 \u00e0 ALBA o Relat\u00f3rio Anal\u00edtico e a proposta de parecer pr\u00e9vio para municiar os deputados estaduais no julgamento das contas. A sess\u00e3o est\u00e1 marcada para ter in\u00edcio \u00e0s 14h30 e ser\u00e1 aberta ao p\u00fablico interessado em acompanhar o processo de aprecia\u00e7\u00e3o das contas, assim como aos representantes dos ve\u00edculos de comunica\u00e7\u00e3o, n\u00e3o sendo necess\u00e1rio fazer inscri\u00e7\u00e3o ou cadastrar-se para ter acesso ao plen\u00e1rio. A sess\u00e3o tamb\u00e9m ter\u00e1 transmiss\u00e3o ao vivo, pelo canal do TCE\/BA no Youtube. (Fonte: TCE\/BA)<\/div>\n","protected":false},"excerpt":{"rendered":"<p>O Tribunal de Contas do Estado da Bahia (TCE\/BA) realizar\u00e1, na pr\u00f3xima quinta-feira (30.07), a sess\u00e3o em que ser\u00e3o apreciadas as contas do chefe do Poder Executivo, referentes ao exerc\u00edcio de 2025, e emitido o parecer pr\u00e9vio que ser\u00e1 encaminhado \u00e0 Assembleia Legislativa da Bahia para julgamento. A relatora do processo \u00e9 a conselheira Carolina<\/p>\n","protected":false},"author":8,"featured_media":0,"comment_status":"closed","ping_status":"closed","sticky":false,"template":"","format":"standard","meta":{"fifu_image_url":"","fifu_image_alt":"","footnotes":""},"categories":[33],"tags":[],"class_list":["post-13047","post","type-post","status-publish","format-standard","hentry","category-noticias"],"_links":{"self":[{"href":"https:\/\/ilheusnews.com.br\/index.php?rest_route=\/wp\/v2\/posts\/13047","targetHints":{"allow":["GET"]}}],"collection":[{"href":"https:\/\/ilheusnews.com.br\/index.php?rest_route=\/wp\/v2\/posts"}],"about":[{"href":"https:\/\/ilheusnews.com.br\/index.php?rest_route=\/wp\/v2\/types\/post"}],"author":[{"embeddable":true,"href":"https:\/\/ilheusnews.com.br\/index.php?rest_route=\/wp\/v2\/users\/8"}],"replies":[{"embeddable":true,"href":"https:\/\/ilheusnews.com.br\/index.php?rest_route=%2Fwp%2Fv2%2Fcomments&post=13047"}],"version-history":[{"count":0,"href":"https:\/\/ilheusnews.com.br\/index.php?rest_route=\/wp\/v2\/posts\/13047\/revisions"}],"wp:attachment":[{"href":"https:\/\/ilheusnews.com.br\/index.php?rest_route=%2Fwp%2Fv2%2Fmedia&parent=13047"}],"wp:term":[{"taxonomy":"category","embeddable":true,"href":"https:\/\/ilheusnews.com.br\/index.php?rest_route=%2Fwp%2Fv2%2Fcategories&post=13047"},{"taxonomy":"post_tag","embeddable":true,"href":"https:\/\/ilheusnews.com.br\/index.php?rest_route=%2Fwp%2Fv2%2Ftags&post=13047"}],"curies":[{"name":"wp","href":"https:\/\/api.w.org\/{rel}","templated":true}]}}