{"id":13045,"date":"2026-07-29T06:00:53","date_gmt":"2026-07-29T09:00:53","guid":{"rendered":"https:\/\/ilheusnews.com.br\/?p=13045"},"modified":"2026-07-29T06:00:53","modified_gmt":"2026-07-29T09:00:53","slug":"mata-escura-e-arraial-do-retiro-ganham-novas-linhas-de-onibus-a-partir-do-proximo-sabado-1o","status":"publish","type":"post","link":"https:\/\/ilheusnews.com.br\/?p=13045","title":{"rendered":"Mata Escura e Arraial do Retiro ganham novas linhas de \u00f4nibus a partir do pr\u00f3ximo s\u00e1bado (1\u00ba)"},"content":{"rendered":"<div>Com o objetivo de ampliar a oferta do transporte p\u00fablico e facilitar o deslocamento dos passageiros na regi\u00e3o da Mata Escura e Arraial do Retiro, a Secretaria de Mobilidade (Semob) criou duas novas linhas, que come\u00e7ar\u00e3o a operar a partir do pr\u00f3ximo s\u00e1bado (1\u00ba). Ambas ter\u00e3o como base operacional o Terminal do Retiro. (Foto ilustra\u00e7\u00e3o) As linhas 2004 \u2013 Terminal Retiro x Mata Escura\/Bom Ju\u00e1 e 2005 \u2013 Terminal Retiro x Conjunto ACM\/Arraial do Retiro ir\u00e3o operar de segunda a sexta-feira, realizando 23 e 17 viagens di\u00e1rias, respectivamente. Com isso, a linha 1204 ser\u00e1 desativada e todo o seu atendimento ser\u00e1 suprido pelas duas novas linhas. Al\u00e9m disso, a Avenida Batatinha ganhar\u00e1 sua primeira linha de \u00f4nibus, ampliando o atendimento da Mata Escura, ligando o bairro \u00e0 esta\u00e7\u00e3o de metr\u00f4 Bom Ju\u00e1.\u00a0 O secret\u00e1rio de Mobilidade, Pablo Souza, afirma que a cria\u00e7\u00e3o das novas linhas atende a uma demanda apresentada pelos moradores da regi\u00e3o e busca oferecer um servi\u00e7o mais eficiente. \u201cEssa \u00e9 uma melhoria constru\u00edda a partir do di\u00e1logo com a comunidade, que solicitou novos atendimentos para facilitar os deslocamentos di\u00e1rios. Al\u00e9m de atender a essa demanda, as novas linhas fortalecem a integra\u00e7\u00e3o entre \u00f4nibus e metr\u00f4 no Terminal do Retiro, ampliando as op\u00e7\u00f5es de deslocamento e tornando as viagens mais r\u00e1pidas e eficientes para quem utiliza o transporte p\u00fablico\u201d, diz o titular da Semob.\u00a0(Secom\/PMS)<\/div>\n","protected":false},"excerpt":{"rendered":"<p>Com o objetivo de ampliar a oferta do transporte p\u00fablico e facilitar o deslocamento dos passageiros na regi\u00e3o da Mata Escura e Arraial do Retiro, a Secretaria de Mobilidade (Semob) criou duas novas linhas, que come\u00e7ar\u00e3o a operar a partir do pr\u00f3ximo s\u00e1bado (1\u00ba). Ambas ter\u00e3o como base operacional o Terminal do Retiro. (Foto ilustra\u00e7\u00e3o)<\/p>\n","protected":false},"author":8,"featured_media":0,"comment_status":"closed","ping_status":"closed","sticky":false,"template":"","format":"standard","meta":{"fifu_image_url":"","fifu_image_alt":"","footnotes":""},"categories":[33],"tags":[],"class_list":["post-13045","post","type-post","status-publish","format-standard","hentry","category-noticias"],"_links":{"self":[{"href":"https:\/\/ilheusnews.com.br\/index.php?rest_route=\/wp\/v2\/posts\/13045","targetHints":{"allow":["GET"]}}],"collection":[{"href":"https:\/\/ilheusnews.com.br\/index.php?rest_route=\/wp\/v2\/posts"}],"about":[{"href":"https:\/\/ilheusnews.com.br\/index.php?rest_route=\/wp\/v2\/types\/post"}],"author":[{"embeddable":true,"href":"https:\/\/ilheusnews.com.br\/index.php?rest_route=\/wp\/v2\/users\/8"}],"replies":[{"embeddable":true,"href":"https:\/\/ilheusnews.com.br\/index.php?rest_route=%2Fwp%2Fv2%2Fcomments&post=13045"}],"version-history":[{"count":0,"href":"https:\/\/ilheusnews.com.br\/index.php?rest_route=\/wp\/v2\/posts\/13045\/revisions"}],"wp:attachment":[{"href":"https:\/\/ilheusnews.com.br\/index.php?rest_route=%2Fwp%2Fv2%2Fmedia&parent=13045"}],"wp:term":[{"taxonomy":"category","embeddable":true,"href":"https:\/\/ilheusnews.com.br\/index.php?rest_route=%2Fwp%2Fv2%2Fcategories&post=13045"},{"taxonomy":"post_tag","embeddable":true,"href":"https:\/\/ilheusnews.com.br\/index.php?rest_route=%2Fwp%2Fv2%2Ftags&post=13045"}],"curies":[{"name":"wp","href":"https:\/\/api.w.org\/{rel}","templated":true}]}}