{"id":12925,"date":"2026-07-27T18:00:38","date_gmt":"2026-07-27T21:00:38","guid":{"rendered":"https:\/\/ilheusnews.com.br\/?p=12925"},"modified":"2026-07-27T18:00:38","modified_gmt":"2026-07-27T21:00:38","slug":"prefeitura-de-feira-promove-melhorias-no-parque-de-exposicao-para-a-expofeira-2026","status":"publish","type":"post","link":"https:\/\/ilheusnews.com.br\/?p=12925","title":{"rendered":"Prefeitura de Feira promove melhorias no Parque de Exposi\u00e7\u00e3o para a Expofeira 2026"},"content":{"rendered":"<div>O Parque de Exposi\u00e7\u00e3o Jo\u00e3o Martins da Silva est\u00e1 passando por obras de melhorias internas visando \u00e0 promo\u00e7\u00e3o da 47\u00aa Expofeira (Exposi\u00e7\u00e3o Agropecu\u00e1ria de Feira de Santana). As interven\u00e7\u00f5es est\u00e3o sendo promovidas pela Prefeitura, por meio da Secretaria de Infraestrutura (Seinfra), visando garantir a tradi\u00e7\u00e3o da mostra agropecu\u00e1ria que movimenta toda a regi\u00e3o. (Foto ilustra\u00e7\u00e3o) A Seinfra est\u00e1 promovendo a limpeza mecanizada, o patrolamento e o nivelamento do novo redondel, palco para desfiles e concursos de diversos animais, entre eles equinos e bovinos. A iniciativa representa uma oportunidade para o ranqueamento dos animais e para os pecuaristas promoverem a melhoria da qualidade gen\u00e9tica de seus rebanhos. Este ano, a Expofeira ser\u00e1 realizada no per\u00edodo de 6 a 13 de setembro, movimentando a agropecu\u00e1ria com gado leiteiro e de corte, al\u00e9m de equinos, caprinos, ovinos e muares. O espa\u00e7o tamb\u00e9m se projeta na comercializa\u00e7\u00e3o de equipamentos tecnol\u00f3gicos para moderniza\u00e7\u00e3o e mecaniza\u00e7\u00e3o da agropecu\u00e1ria, com\u00e9rcio de ve\u00edculos e diversas novidades. A gastronomia tamb\u00e9m tem destaque garantido com a Vila Gourmet, reunindo churrascarias tradicionais, al\u00e9m do Caminho da Ro\u00e7a, onde os visitantes podem curtir shows regionais, saborear iguarias t\u00edpicas da regi\u00e3o, bebidas diversas e artesanato. Para a garotada, al\u00e9m da oportunidade de conhecer animais de grande, m\u00e9dio e pequeno porte, a divers\u00e3o \u00e9 garantida no Parque de Divers\u00f5es, inclusive com passeios em p\u00f4neis e charretes. (Secom)<\/div>\n","protected":false},"excerpt":{"rendered":"<p>O Parque de Exposi\u00e7\u00e3o Jo\u00e3o Martins da Silva est\u00e1 passando por obras de melhorias internas visando \u00e0 promo\u00e7\u00e3o da 47\u00aa Expofeira (Exposi\u00e7\u00e3o Agropecu\u00e1ria de Feira de Santana). As interven\u00e7\u00f5es est\u00e3o sendo promovidas pela Prefeitura, por meio da Secretaria de Infraestrutura (Seinfra), visando garantir a tradi\u00e7\u00e3o da mostra agropecu\u00e1ria que movimenta toda a regi\u00e3o. (Foto ilustra\u00e7\u00e3o)<\/p>\n","protected":false},"author":8,"featured_media":0,"comment_status":"closed","ping_status":"closed","sticky":false,"template":"","format":"standard","meta":{"fifu_image_url":"","fifu_image_alt":"","footnotes":""},"categories":[33],"tags":[],"class_list":["post-12925","post","type-post","status-publish","format-standard","hentry","category-noticias"],"_links":{"self":[{"href":"https:\/\/ilheusnews.com.br\/index.php?rest_route=\/wp\/v2\/posts\/12925","targetHints":{"allow":["GET"]}}],"collection":[{"href":"https:\/\/ilheusnews.com.br\/index.php?rest_route=\/wp\/v2\/posts"}],"about":[{"href":"https:\/\/ilheusnews.com.br\/index.php?rest_route=\/wp\/v2\/types\/post"}],"author":[{"embeddable":true,"href":"https:\/\/ilheusnews.com.br\/index.php?rest_route=\/wp\/v2\/users\/8"}],"replies":[{"embeddable":true,"href":"https:\/\/ilheusnews.com.br\/index.php?rest_route=%2Fwp%2Fv2%2Fcomments&post=12925"}],"version-history":[{"count":0,"href":"https:\/\/ilheusnews.com.br\/index.php?rest_route=\/wp\/v2\/posts\/12925\/revisions"}],"wp:attachment":[{"href":"https:\/\/ilheusnews.com.br\/index.php?rest_route=%2Fwp%2Fv2%2Fmedia&parent=12925"}],"wp:term":[{"taxonomy":"category","embeddable":true,"href":"https:\/\/ilheusnews.com.br\/index.php?rest_route=%2Fwp%2Fv2%2Fcategories&post=12925"},{"taxonomy":"post_tag","embeddable":true,"href":"https:\/\/ilheusnews.com.br\/index.php?rest_route=%2Fwp%2Fv2%2Ftags&post=12925"}],"curies":[{"name":"wp","href":"https:\/\/api.w.org\/{rel}","templated":true}]}}