{"id":12923,"date":"2026-07-27T18:00:33","date_gmt":"2026-07-27T21:00:33","guid":{"rendered":"https:\/\/ilheusnews.com.br\/?p=12923"},"modified":"2026-07-27T18:00:33","modified_gmt":"2026-07-27T21:00:33","slug":"reforma-tributaria-nos-municipios-sera-tema-de-evento-gratuito-em-sao-paulo","status":"publish","type":"post","link":"https:\/\/ilheusnews.com.br\/?p=12923","title":{"rendered":"Reforma Tribut\u00e1ria nos Munic\u00edpios ser\u00e1 tema de evento gratuito em S\u00e3o Paulo"},"content":{"rendered":"<div>Prefeitos, gestores p\u00fablicos e representantes dos munic\u00edpios da Bahia podem participar do evento \u201cReforma Tribut\u00e1ria nos Munic\u00edpios \u2013 Impactos e desafios da gest\u00e3o p\u00fablica\u201d, que ser\u00e1 realizado presencialmente no dia 24 de agosto de 2026, das 8h \u00e0s 18h, na sede da Federa\u00e7\u00e3o das Ind\u00fastrias do Estado de S\u00e3o Paulo (Fiesp), na Avenida Paulista, em S\u00e3o Paulo. A inscri\u00e7\u00e3o \u00e9 gratuita e est\u00e1 aberta a participantes de munic\u00edpios de todo o pa\u00eds, incluindo os da Bahia e podem ser realizadas exclusivamente pelo\u00a0site oficial do evento: https:\/\/reformatributaria.fiesp.com.br\/municipios\/?utm_source=chatgpt.com (Foto ilustra\u00e7\u00e3o) Promovido pelo Tribunal de Contas do Estado de S\u00e3o Paulo (TCESP), Minist\u00e9rio P\u00fablico de Contas do Estado de S\u00e3o Paulo (MPC-SP) e Fiesp, o evento conta ainda com o apoio do Instituto Rui Barbosa, Ampcon, APM, UveSP, Afresp, Febrafite e Anape. Voltado a prefeitos, gestores p\u00fablicos, especialistas e representantes de \u00f3rg\u00e3os de controle, o encontro tem como objetivo debater os principais reflexos da reforma tribut\u00e1ria no \u00e2mbito municipal, com discuss\u00f5es sobre os desafios do federalismo fiscal, os impactos na arrecada\u00e7\u00e3o, a moderniza\u00e7\u00e3o da administra\u00e7\u00e3o tribut\u00e1ria e os instrumentos de governan\u00e7a necess\u00e1rios para a implementa\u00e7\u00e3o do novo modelo. Entre os temas que ser\u00e3o abordados est\u00e3o Coopera\u00e7\u00e3o Federativa e nova arquitetura tribut\u00e1ria; Per\u00edodo de Transi\u00e7\u00e3o da Reforma; Split Payment: funcionamento e impactos; Planejamento Fiscal Municipal; Fiscaliza\u00e7\u00e3o Tribut\u00e1ria no Novo Modelo; e Integra\u00e7\u00e3o com Sistemas Nacionais. A iniciativa busca oferecer subs\u00eddios t\u00e9cnicos para que gestores municipais compreendam as mudan\u00e7as promovidas pela reforma tribut\u00e1ria e estejam preparados para conduzir sua implementa\u00e7\u00e3o de forma segura, eficiente e planejada. Veja a programa\u00e7\u00e3o\u00a0aqui: https:\/\/reformatributaria.fiesp.com.br\/municipios\/ (Fonte: UPB)<\/div>\n","protected":false},"excerpt":{"rendered":"<p>Prefeitos, gestores p\u00fablicos e representantes dos munic\u00edpios da Bahia podem participar do evento \u201cReforma Tribut\u00e1ria nos Munic\u00edpios \u2013 Impactos e desafios da gest\u00e3o p\u00fablica\u201d, que ser\u00e1 realizado presencialmente no dia 24 de agosto de 2026, das 8h \u00e0s 18h, na sede da Federa\u00e7\u00e3o das Ind\u00fastrias do Estado de S\u00e3o Paulo (Fiesp), na Avenida Paulista, em<\/p>\n","protected":false},"author":8,"featured_media":0,"comment_status":"closed","ping_status":"closed","sticky":false,"template":"","format":"standard","meta":{"fifu_image_url":"","fifu_image_alt":"","footnotes":""},"categories":[33],"tags":[],"class_list":["post-12923","post","type-post","status-publish","format-standard","hentry","category-noticias"],"_links":{"self":[{"href":"https:\/\/ilheusnews.com.br\/index.php?rest_route=\/wp\/v2\/posts\/12923","targetHints":{"allow":["GET"]}}],"collection":[{"href":"https:\/\/ilheusnews.com.br\/index.php?rest_route=\/wp\/v2\/posts"}],"about":[{"href":"https:\/\/ilheusnews.com.br\/index.php?rest_route=\/wp\/v2\/types\/post"}],"author":[{"embeddable":true,"href":"https:\/\/ilheusnews.com.br\/index.php?rest_route=\/wp\/v2\/users\/8"}],"replies":[{"embeddable":true,"href":"https:\/\/ilheusnews.com.br\/index.php?rest_route=%2Fwp%2Fv2%2Fcomments&post=12923"}],"version-history":[{"count":0,"href":"https:\/\/ilheusnews.com.br\/index.php?rest_route=\/wp\/v2\/posts\/12923\/revisions"}],"wp:attachment":[{"href":"https:\/\/ilheusnews.com.br\/index.php?rest_route=%2Fwp%2Fv2%2Fmedia&parent=12923"}],"wp:term":[{"taxonomy":"category","embeddable":true,"href":"https:\/\/ilheusnews.com.br\/index.php?rest_route=%2Fwp%2Fv2%2Fcategories&post=12923"},{"taxonomy":"post_tag","embeddable":true,"href":"https:\/\/ilheusnews.com.br\/index.php?rest_route=%2Fwp%2Fv2%2Ftags&post=12923"}],"curies":[{"name":"wp","href":"https:\/\/api.w.org\/{rel}","templated":true}]}}