{"id":12914,"date":"2026-07-27T12:04:30","date_gmt":"2026-07-27T15:04:30","guid":{"rendered":"https:\/\/ilheusnews.com.br\/?p=12914"},"modified":"2026-07-27T12:04:30","modified_gmt":"2026-07-27T15:04:30","slug":"amazon-leo-prepara-nova-rede-com-5-mil-satelites-para-conectar-celulares","status":"publish","type":"post","link":"https:\/\/ilheusnews.com.br\/?p=12914","title":{"rendered":"Amazon Leo prepara nova rede com 5 mil sat\u00e9lites para conectar celulares"},"content":{"rendered":"<div>\n<p>A Amazon Leo apresentou \u00e0 Comiss\u00e3o Federal de Comunica\u00e7\u00f5es dos Estados Unidos (FCC) um pedido para colocar em \u00f3rbita uma nova constela\u00e7\u00e3o formada por 5.105 sat\u00e9lites de baixa \u00f3rbita terrestre. <a href=\"https:\/\/www.advanced-television.com\/2026\/07\/27\/amazon-leo-confirms-5105-satellites-scheme\/\" target=\"_blank\" rel=\"noreferrer noopener\">A iniciativa busca ampliar servi\u00e7os de comunica\u00e7\u00e3o direta entre sat\u00e9lites<\/a>, telefones m\u00f3veis comuns e dispositivos de internet das coisas.<\/p>\n<p>A proposta prev\u00ea uma integra\u00e7\u00e3o entre a infraestrutura espacial da Amazon Leo, a rede da Globalstar e seus recursos de espectro, sat\u00e9lites e sistemas terrestres. O objetivo \u00e9 expandir uma solu\u00e7\u00e3o que hoje est\u00e1 associada a mensagens de emerg\u00eancia para aplica\u00e7\u00f5es como chamadas de voz, transmiss\u00e3o de dados e conectividade industrial.<\/p>\n<p>O movimento ocorre enquanto a Amazon avan\u00e7a na aquisi\u00e7\u00e3o da Globalstar, neg\u00f3cio anunciado em abril e avaliado em US$ 11,57 bilh\u00f5es, com previs\u00e3o de conclus\u00e3o em 2027. A opera\u00e7\u00e3o permitir\u00e1 que a empresa utilize frequ\u00eancias da companhia de sat\u00e9lites para ampliar seu projeto de comunica\u00e7\u00e3o m\u00f3vel.<\/p>\n<p>A t\u00edtulo de informa\u00e7\u00e3o, Amazon Leo \u00e9 o servi\u00e7o de internet via sat\u00e9lite desenvolvido pela Amazon.<\/p>\n<h2 class=\"wp-block-heading\" id=\"h-novo-projeto-amplia-disputa-por-frequencias-e-conectividade-espacial\">Novo projeto amplia disputa por frequ\u00eancias e conectividade espacial<\/h2>\n<div class=\"wp-block-image\">\n<figure class=\"aligncenter size-large\"><figcaption class=\"wp-element-caption\">Amazon logo \u2013 Imagem: ACHPF\/Shutterstock<\/figcaption><\/figure>\n<\/div>\n<p>O pedido enviado pela Kuiper Systems LLC, subsidi\u00e1ria integral da Amazon Services LLC respons\u00e1vel pela opera\u00e7\u00e3o espacial da empresa, tamb\u00e9m envolve o uso de faixas de frequ\u00eancia associadas a outras companhias do setor.<\/p>\n<p>A Amazon Leo informou \u00e0 FCC que pretende utilizar, fora dos Estados Unidos, frequ\u00eancias atualmente ligadas \u00e0 Iridium, incluindo a faixa exclusiva de 1618,725 MHz a 1621,25 MHz, al\u00e9m de bandas L utilizadas para comunica\u00e7\u00f5es via sat\u00e9lite. O \u00f3rg\u00e3o regulador disponibilizou a solicita\u00e7\u00e3o para an\u00e1lise p\u00fablica.<\/p>\n<p>A movimenta\u00e7\u00e3o acontece em meio a mudan\u00e7as no mercado espacial. A RocketLab est\u00e1 em processo de aquisi\u00e7\u00e3o da Iridium por aproximadamente US$ 8 bilh\u00f5es, uma transa\u00e7\u00e3o que pode envolver interesses sobre essas mesmas faixas de frequ\u00eancia.<\/p>\n<p>No documento encaminhado ao regulador, a Amazon Leo afirmou que sua opera\u00e7\u00e3o poder\u00e1 coexistir com outros usu\u00e1rios que utilizem frequ\u00eancias pr\u00f3ximas ou compartilhadas. A empresa declarou que adotar\u00e1 medidas consideradas necess\u00e1rias para evitar interfer\u00eancias prejudiciais.<\/p>\n<div class=\"wp-block-image\">\n<figure class=\"aligncenter size-large\"><img loading=\"lazy\" decoding=\"async\" width=\"1024\" height=\"768\" src=\"https:\/\/ilheusnews.com.br\/wp-content\/uploads\/2026\/07\/internet-conexao-1024x768-1.jpg\" alt=\"Bot\u00e3o de conex\u00e3o \u00e0 internet em um equipamento de rede, representando os acessos \u00e0 internet no in\u00edcio dos anos 2000.\" class=\"wp-image-1343295\" srcset=\"https:\/\/img.odcdn.com.br\/wp-content\/uploads\/2026\/06\/internet-conexao-1024x768.jpg 1024w, https:\/\/img.odcdn.com.br\/wp-content\/uploads\/2026\/06\/internet-conexao-300x225.jpg 300w, https:\/\/img.odcdn.com.br\/wp-content\/uploads\/2026\/06\/internet-conexao-768x576.jpg 768w, https:\/\/img.odcdn.com.br\/wp-content\/uploads\/2026\/06\/internet-conexao-1536x1152.jpg 1536w, https:\/\/img.odcdn.com.br\/wp-content\/uploads\/2026\/06\/internet-conexao-150x112.jpg 150w, https:\/\/img.odcdn.com.br\/wp-content\/uploads\/2026\/06\/internet-conexao.jpg 1999w\" sizes=\"auto, (max-width: 1024px) 100vw, 1024px\"><figcaption class=\"wp-element-caption\">Modem de internet \u2013 Imagem: StockPhotosArt \/ iStock<\/figcaption><\/figure>\n<\/div>\n<p>A companhia tamb\u00e9m destacou \u00e0 FCC que o sistema de conex\u00e3o direta entre sat\u00e9lites e dispositivos m\u00f3veis pretende ampliar o acesso \u00e0 conectividade para um n\u00famero maior de pessoas e equipamentos.<\/p>\n<p>Diferentemente da constela\u00e7\u00e3o tradicional da Amazon Leo, que depende de antenas espec\u00edficas para estabelecer conex\u00e3o, o novo projeto busca comunica\u00e7\u00e3o direta com celulares sem modifica\u00e7\u00f5es e com equipamentos de internet das coisas.<\/p>\n<p>A estrat\u00e9gia aproxima a Amazon de uma disputa crescente no setor de conectividade orbital, envolvendo redes capazes de levar servi\u00e7os m\u00f3veis diretamente aos usu\u00e1rios sem depender exclusivamente de infraestrutura terrestre.<\/p>\n<p>O post <a href=\"https:\/\/olhardigital.com.br\/2026\/07\/27\/pro\/amazon-leo-prepara-nova-rede-com-5-mil-satelites-para-conectar-celulares\/\">Amazon Leo prepara nova rede com 5 mil sat\u00e9lites para conectar celulares<\/a> apareceu primeiro em <a href=\"https:\/\/olhardigital.com.br\/\">Olhar Digital<\/a>.<\/p>\n<\/div>\n","protected":false},"excerpt":{"rendered":"<p>A Amazon Leo apresentou \u00e0 Comiss\u00e3o Federal de Comunica\u00e7\u00f5es dos Estados Unidos (FCC) um pedido para colocar em \u00f3rbita uma nova constela\u00e7\u00e3o formada por 5.105 sat\u00e9lites de baixa \u00f3rbita terrestre. A iniciativa busca ampliar servi\u00e7os de comunica\u00e7\u00e3o direta entre sat\u00e9lites, telefones m\u00f3veis comuns e dispositivos de internet das coisas. A proposta prev\u00ea uma integra\u00e7\u00e3o entre<\/p>\n","protected":false},"author":6,"featured_media":12915,"comment_status":"closed","ping_status":"closed","sticky":false,"template":"","format":"standard","meta":{"fifu_image_url":"https:\/\/olhardigital.com.br\/wp-content\/uploads\/2026\/07\/amazon_2-1024x682.jpg","fifu_image_alt":"Amazon Leo prepara nova rede com 5 mil sat\u00e9lites para conectar celulares","footnotes":""},"categories":[33],"tags":[],"class_list":["post-12914","post","type-post","status-publish","format-standard","has-post-thumbnail","hentry","category-noticias"],"_links":{"self":[{"href":"https:\/\/ilheusnews.com.br\/index.php?rest_route=\/wp\/v2\/posts\/12914","targetHints":{"allow":["GET"]}}],"collection":[{"href":"https:\/\/ilheusnews.com.br\/index.php?rest_route=\/wp\/v2\/posts"}],"about":[{"href":"https:\/\/ilheusnews.com.br\/index.php?rest_route=\/wp\/v2\/types\/post"}],"author":[{"embeddable":true,"href":"https:\/\/ilheusnews.com.br\/index.php?rest_route=\/wp\/v2\/users\/6"}],"replies":[{"embeddable":true,"href":"https:\/\/ilheusnews.com.br\/index.php?rest_route=%2Fwp%2Fv2%2Fcomments&post=12914"}],"version-history":[{"count":0,"href":"https:\/\/ilheusnews.com.br\/index.php?rest_route=\/wp\/v2\/posts\/12914\/revisions"}],"wp:featuredmedia":[{"embeddable":true,"href":"https:\/\/ilheusnews.com.br\/index.php?rest_route=\/wp\/v2\/media\/12915"}],"wp:attachment":[{"href":"https:\/\/ilheusnews.com.br\/index.php?rest_route=%2Fwp%2Fv2%2Fmedia&parent=12914"}],"wp:term":[{"taxonomy":"category","embeddable":true,"href":"https:\/\/ilheusnews.com.br\/index.php?rest_route=%2Fwp%2Fv2%2Fcategories&post=12914"},{"taxonomy":"post_tag","embeddable":true,"href":"https:\/\/ilheusnews.com.br\/index.php?rest_route=%2Fwp%2Fv2%2Ftags&post=12914"}],"curies":[{"name":"wp","href":"https:\/\/api.w.org\/{rel}","templated":true}]}}