{"id":12912,"date":"2026-07-27T12:04:27","date_gmt":"2026-07-27T15:04:27","guid":{"rendered":"https:\/\/ilheusnews.com.br\/?p=12912"},"modified":"2026-07-27T12:04:27","modified_gmt":"2026-07-27T15:04:27","slug":"candidato-ao-senado-propoe-criacao-de-piso-minimo-salarial-na-bahia","status":"publish","type":"post","link":"https:\/\/ilheusnews.com.br\/?p=12912","title":{"rendered":"Candidato ao Senado prop\u00f5e cria\u00e7\u00e3o de \u2018piso m\u00ednimo\u2019 salarial na Bahia"},"content":{"rendered":"<div>Candidato ao Senado pela\u00a0Rede Sustentabilidade,\u00a0Marcelo Carvalho (foto ilustra\u00e7\u00e3o),\u00a0afirmou na manh\u00e3 desta segunda-feira (27) que votar na federa\u00e7\u00e3o\u00a0PSOL-Rede\u00a0\u00e9 a \u00fanica possibilidade de o eleitor da Bahia de eleger um \u201ccandidato de esquerda\u201d nas pr\u00f3ximas elei\u00e7\u00f5es. Em entrevista exclusiva ao\u00a0bahia.ba, Marcelo criticou as escolhas pol\u00edticas do PT na Bahia e afirmou que o eleitor de esquerda foi levado ao erro nas elei\u00e7\u00f5es que confirmaram a vit\u00f3ria de\u00a0Angelo Coronel (Republicanos),\u00a0que hoje comp\u00f5e a chama majorit\u00e1ria do candidato ao Pal\u00e1cio de Ondina, ACM Neto. \u201cDentro da nossa caracter\u00edstica, da milit\u00e2ncia hist\u00f3rica, avalio uma chance \u00fanica de eleger um candidato de esquerda. Se colocam distantes. Nosso campo da esquerda foi levado ao erro. \u00c9 uma vergonha nosso governo ter levado ao nosso campo a votar de forma errada naquele cidad\u00e3o\u201d, disse. Marcelo destacou que Coronel n\u00e3o cumpriu com o objetivo de ajudar o presidente\u00a0Luiz In\u00e1cio Lula da Silva (PT)\u00a0no Senado e contestou a tese de que os nomes indicados pelo bloco governista atendam \u00e0s demandas hist\u00f3ricas das classes populares. \u201cCansamos de carregar bandeira para os mesmos senhores da politica. Os trabalhadores cansaram\u201d, disse Marcelo. Proposta da federa\u00e7\u00e3o PSOL-Rede Durante reuni\u00e3o na sede do partido para tratar do andamento da campanha, Marcelo revelou que uma das principais propostas da federa\u00e7\u00e3o para o pleito \u00e9 a proposi\u00e7\u00e3o de um piso m\u00ednimo estadual. \u201cNossa candidatura ser\u00e1 focada em piso m\u00ednimo estadual. Queremos implantar essa politica no estado da Bahia. A \u00fanica candidatura da esquerda para o Senado \u00e9 a nossa\u201d, completou. Atualmente, cinco estados mant\u00eam valores superiores ao sal\u00e1rio m\u00ednimo nacional: Paran\u00e1, Rio Grande do Sul, S\u00e3o Paulo, Santa Catarina e Rio de Janeiro. (Pev\u00ea Ara\u00fajo\/bahia.ba)<\/div>\n","protected":false},"excerpt":{"rendered":"<p>Candidato ao Senado pela\u00a0Rede Sustentabilidade,\u00a0Marcelo Carvalho (foto ilustra\u00e7\u00e3o),\u00a0afirmou na manh\u00e3 desta segunda-feira (27) que votar na federa\u00e7\u00e3o\u00a0PSOL-Rede\u00a0\u00e9 a \u00fanica possibilidade de o eleitor da Bahia de eleger um \u201ccandidato de esquerda\u201d nas pr\u00f3ximas elei\u00e7\u00f5es. Em entrevista exclusiva ao\u00a0bahia.ba, Marcelo criticou as escolhas pol\u00edticas do PT na Bahia e afirmou que o eleitor de esquerda foi<\/p>\n","protected":false},"author":8,"featured_media":0,"comment_status":"closed","ping_status":"closed","sticky":false,"template":"","format":"standard","meta":{"fifu_image_url":"","fifu_image_alt":"","footnotes":""},"categories":[33],"tags":[],"class_list":["post-12912","post","type-post","status-publish","format-standard","hentry","category-noticias"],"_links":{"self":[{"href":"https:\/\/ilheusnews.com.br\/index.php?rest_route=\/wp\/v2\/posts\/12912","targetHints":{"allow":["GET"]}}],"collection":[{"href":"https:\/\/ilheusnews.com.br\/index.php?rest_route=\/wp\/v2\/posts"}],"about":[{"href":"https:\/\/ilheusnews.com.br\/index.php?rest_route=\/wp\/v2\/types\/post"}],"author":[{"embeddable":true,"href":"https:\/\/ilheusnews.com.br\/index.php?rest_route=\/wp\/v2\/users\/8"}],"replies":[{"embeddable":true,"href":"https:\/\/ilheusnews.com.br\/index.php?rest_route=%2Fwp%2Fv2%2Fcomments&post=12912"}],"version-history":[{"count":0,"href":"https:\/\/ilheusnews.com.br\/index.php?rest_route=\/wp\/v2\/posts\/12912\/revisions"}],"wp:attachment":[{"href":"https:\/\/ilheusnews.com.br\/index.php?rest_route=%2Fwp%2Fv2%2Fmedia&parent=12912"}],"wp:term":[{"taxonomy":"category","embeddable":true,"href":"https:\/\/ilheusnews.com.br\/index.php?rest_route=%2Fwp%2Fv2%2Fcategories&post=12912"},{"taxonomy":"post_tag","embeddable":true,"href":"https:\/\/ilheusnews.com.br\/index.php?rest_route=%2Fwp%2Fv2%2Ftags&post=12912"}],"curies":[{"name":"wp","href":"https:\/\/api.w.org\/{rel}","templated":true}]}}