{"id":12902,"date":"2026-07-27T06:00:35","date_gmt":"2026-07-27T09:00:35","guid":{"rendered":"https:\/\/ilheusnews.com.br\/?p=12902"},"modified":"2026-07-27T06:00:35","modified_gmt":"2026-07-27T09:00:35","slug":"cnm-convoca-gestores-para-nova-mobilizacao-municipalista-em-agosto-intencao-e-aprovar-pleitos-prioritarios","status":"publish","type":"post","link":"https:\/\/ilheusnews.com.br\/?p=12902","title":{"rendered":"CNM convoca gestores para nova Mobiliza\u00e7\u00e3o Municipalista em agosto; inten\u00e7\u00e3o \u00e9 aprovar pleitos priorit\u00e1rios"},"content":{"rendered":"<div>Uma nova Mobiliza\u00e7\u00e3o Municipalista ser\u00e1 realizada em Bras\u00edlia nos dias 11 e 12 de agosto como forma de buscar a aprova\u00e7\u00e3o da proposi\u00e7\u00e3o que possa garantir a legitimidade da Confedera\u00e7\u00e3o Nacional de Munic\u00edpios (CNM) para ingressar no Supremo Tribunal Federal (STF) com A\u00e7\u00e3o Direta de Inconstitucionalidade (ADI) e A\u00e7\u00e3o Declarat\u00f3ria de Constitucionalidade (ADC), por meio do avan\u00e7o da Proposta de Emenda \u00e0 Constitui\u00e7\u00e3o (PEC) 253\/2016. O presidente da CNM, Paulo Ziulkoski, convoca os gestores a somarem esfor\u00e7os devido \u00e0 import\u00e2ncia da concretiza\u00e7\u00e3o do pleito antes das elei\u00e7\u00f5es deste ano. Essa medida \u00e9 fundamental para minimizar os efeitos da aprova\u00e7\u00e3o de pautas-bomba no Congresso e que podem colapsar as administra\u00e7\u00f5es locais.\u00a0Confirme a sua participa\u00e7\u00e3o aqui. (Foto ilustra\u00e7\u00e3o) Aprovada no Senado e aguardando an\u00e1lise no Plen\u00e1rio da C\u00e2mara, a PEC 253\/2016, de autoria do senador Ant\u00f4nio Carlos Valadares (PSB-CE), atribui legitimidade \u00e0s entidades representativas de Munic\u00edpios, como a CNM, a representar os Munic\u00edpios no STF. Essa permiss\u00e3o para contestar na Corte propostas prejudiciais aos Munic\u00edpios \u00e9 imprescind\u00edvel para o futuro da gest\u00e3o local em raz\u00e3o do volume de projetos que podem ser aprovados no Congresso Nacional e sobrecarregar ainda mais as prefeituras de forma t\u00e3o expressiva a ponto de colapsar as finan\u00e7as municipais.\u00a0 O risco desse cen\u00e1rio \u00e9 iminente com as sucessivas aprova\u00e7\u00f5es de pisos de categorias profissionais, as chamadas pautas-bomba, sem definir de onde sair\u00e3o os recursos para que os Munic\u00edpios possam realizar o pagamento. \u201cNo \u00faltimo ano, o Congresso j\u00e1 aprovou em pelo menos uma comiss\u00e3o mais de R$ 300 bilh\u00f5es em legisla\u00e7\u00f5es que impactam as finan\u00e7as municipais. S\u00e3o centenas de projetos que tratam de pisos e podem trazer consequ\u00eancias irrevers\u00edveis aos Munic\u00edpios. Nunca fomos contra a valoriza\u00e7\u00e3o de nenhuma categoria, mas precisamos ter a certeza de que ter\u00e3o recursos para pagar. A Uni\u00e3o e os Estados t\u00eam sua legitimidade [para ingressar no STF] e os Munic\u00edpios n\u00e3o t\u00eam. \u00c9 uma contradi\u00e7\u00e3o muito grande, uma incoer\u00eancia do Pacto Federativo que poderia ser resolvida\u201d, defende o presidente da CNM. (Ascom\/CNM)<\/div>\n","protected":false},"excerpt":{"rendered":"<p>Uma nova Mobiliza\u00e7\u00e3o Municipalista ser\u00e1 realizada em Bras\u00edlia nos dias 11 e 12 de agosto como forma de buscar a aprova\u00e7\u00e3o da proposi\u00e7\u00e3o que possa garantir a legitimidade da Confedera\u00e7\u00e3o Nacional de Munic\u00edpios (CNM) para ingressar no Supremo Tribunal Federal (STF) com A\u00e7\u00e3o Direta de Inconstitucionalidade (ADI) e A\u00e7\u00e3o Declarat\u00f3ria de Constitucionalidade (ADC), por meio<\/p>\n","protected":false},"author":8,"featured_media":0,"comment_status":"closed","ping_status":"closed","sticky":false,"template":"","format":"standard","meta":{"fifu_image_url":"","fifu_image_alt":"","footnotes":""},"categories":[33],"tags":[],"class_list":["post-12902","post","type-post","status-publish","format-standard","hentry","category-noticias"],"_links":{"self":[{"href":"https:\/\/ilheusnews.com.br\/index.php?rest_route=\/wp\/v2\/posts\/12902","targetHints":{"allow":["GET"]}}],"collection":[{"href":"https:\/\/ilheusnews.com.br\/index.php?rest_route=\/wp\/v2\/posts"}],"about":[{"href":"https:\/\/ilheusnews.com.br\/index.php?rest_route=\/wp\/v2\/types\/post"}],"author":[{"embeddable":true,"href":"https:\/\/ilheusnews.com.br\/index.php?rest_route=\/wp\/v2\/users\/8"}],"replies":[{"embeddable":true,"href":"https:\/\/ilheusnews.com.br\/index.php?rest_route=%2Fwp%2Fv2%2Fcomments&post=12902"}],"version-history":[{"count":0,"href":"https:\/\/ilheusnews.com.br\/index.php?rest_route=\/wp\/v2\/posts\/12902\/revisions"}],"wp:attachment":[{"href":"https:\/\/ilheusnews.com.br\/index.php?rest_route=%2Fwp%2Fv2%2Fmedia&parent=12902"}],"wp:term":[{"taxonomy":"category","embeddable":true,"href":"https:\/\/ilheusnews.com.br\/index.php?rest_route=%2Fwp%2Fv2%2Fcategories&post=12902"},{"taxonomy":"post_tag","embeddable":true,"href":"https:\/\/ilheusnews.com.br\/index.php?rest_route=%2Fwp%2Fv2%2Ftags&post=12902"}],"curies":[{"name":"wp","href":"https:\/\/api.w.org\/{rel}","templated":true}]}}