{"id":12901,"date":"2026-07-27T06:00:33","date_gmt":"2026-07-27T09:00:33","guid":{"rendered":"https:\/\/ilheusnews.com.br\/?p=12901"},"modified":"2026-07-27T06:00:33","modified_gmt":"2026-07-27T09:00:33","slug":"juazeiro-prefeitura-repudia-vandalismo-a-ambulancia-do-samu-durante-atendimento-de-urgencia","status":"publish","type":"post","link":"https:\/\/ilheusnews.com.br\/?p=12901","title":{"rendered":"Juazeiro: Prefeitura repudia vandalismo a ambul\u00e2ncia do SAMU durante atendimento de urg\u00eancia"},"content":{"rendered":"<div>A Prefeitura de Juazeiro, por meio da Secretaria Municipal de Sa\u00fade (Sesau), manifesta seu mais veemente rep\u00fadio ao ato de vandalismo praticado contra uma ambul\u00e2ncia do Servi\u00e7o de Atendimento M\u00f3vel de Urg\u00eancia (SAMU 192), ocorrido na madrugada deste domingo (26), durante o deslocamento da equipe para prestar atendimento a uma ocorr\u00eancia no munic\u00edpio. (Foto ilustra\u00e7\u00e3o) Enquanto cumpriam sua miss\u00e3o de salvar vidas, os profissionais do SAMU tiveram a ambul\u00e2ncia apedrejada, provocando danos ao patrim\u00f4nio p\u00fablico, colocando em risco a integridade f\u00edsica da equipe e comprometendo um servi\u00e7o essencial \u00e0 popula\u00e7\u00e3o. A Sesau informa que foi registrado Boletim de Ocorr\u00eancia junto \u00e0 Pol\u00edcia Civil e adotar\u00e1 todas as medidas cab\u00edveis para que os respons\u00e1veis sejam identificados e responsabilizados na forma da lei. Atacar uma ambul\u00e2ncia \u00e9 atentar contra toda a sociedade. Al\u00e9m dos preju\u00edzos materiais, a\u00e7\u00f5es dessa natureza podem atrasar atendimentos de urg\u00eancia e emerg\u00eancia, colocando em risco a vida de pacientes que dependem da rapidez e da efici\u00eancia do servi\u00e7o. A Secretaria Municipal de Sa\u00fade reafirma seu compromisso com a prote\u00e7\u00e3o dos profissionais que atuam diariamente na assist\u00eancia \u00e0 popula\u00e7\u00e3o e refor\u00e7a o apelo para que a comunidade contribua com a preserva\u00e7\u00e3o do patrim\u00f4nio p\u00fablico e o respeito \u00e0s equipes que trabalham, dia e noite, para salvar vidas. (Ascom\/PMJ)<\/div>\n","protected":false},"excerpt":{"rendered":"<p>A Prefeitura de Juazeiro, por meio da Secretaria Municipal de Sa\u00fade (Sesau), manifesta seu mais veemente rep\u00fadio ao ato de vandalismo praticado contra uma ambul\u00e2ncia do Servi\u00e7o de Atendimento M\u00f3vel de Urg\u00eancia (SAMU 192), ocorrido na madrugada deste domingo (26), durante o deslocamento da equipe para prestar atendimento a uma ocorr\u00eancia no munic\u00edpio. (Foto ilustra\u00e7\u00e3o)<\/p>\n","protected":false},"author":8,"featured_media":0,"comment_status":"closed","ping_status":"closed","sticky":false,"template":"","format":"standard","meta":{"fifu_image_url":"","fifu_image_alt":"","footnotes":""},"categories":[33],"tags":[],"class_list":["post-12901","post","type-post","status-publish","format-standard","hentry","category-noticias"],"_links":{"self":[{"href":"https:\/\/ilheusnews.com.br\/index.php?rest_route=\/wp\/v2\/posts\/12901","targetHints":{"allow":["GET"]}}],"collection":[{"href":"https:\/\/ilheusnews.com.br\/index.php?rest_route=\/wp\/v2\/posts"}],"about":[{"href":"https:\/\/ilheusnews.com.br\/index.php?rest_route=\/wp\/v2\/types\/post"}],"author":[{"embeddable":true,"href":"https:\/\/ilheusnews.com.br\/index.php?rest_route=\/wp\/v2\/users\/8"}],"replies":[{"embeddable":true,"href":"https:\/\/ilheusnews.com.br\/index.php?rest_route=%2Fwp%2Fv2%2Fcomments&post=12901"}],"version-history":[{"count":0,"href":"https:\/\/ilheusnews.com.br\/index.php?rest_route=\/wp\/v2\/posts\/12901\/revisions"}],"wp:attachment":[{"href":"https:\/\/ilheusnews.com.br\/index.php?rest_route=%2Fwp%2Fv2%2Fmedia&parent=12901"}],"wp:term":[{"taxonomy":"category","embeddable":true,"href":"https:\/\/ilheusnews.com.br\/index.php?rest_route=%2Fwp%2Fv2%2Fcategories&post=12901"},{"taxonomy":"post_tag","embeddable":true,"href":"https:\/\/ilheusnews.com.br\/index.php?rest_route=%2Fwp%2Fv2%2Ftags&post=12901"}],"curies":[{"name":"wp","href":"https:\/\/api.w.org\/{rel}","templated":true}]}}