{"id":12895,"date":"2026-07-27T00:01:13","date_gmt":"2026-07-27T03:01:13","guid":{"rendered":"https:\/\/ilheusnews.com.br\/?p=12895"},"modified":"2026-07-27T00:01:13","modified_gmt":"2026-07-27T03:01:13","slug":"apple-adia-lancamento-de-oculos-inteligentes-por-preocupacoes-com-privacidade","status":"publish","type":"post","link":"https:\/\/ilheusnews.com.br\/?p=12895","title":{"rendered":"Apple adia lan\u00e7amento de \u00f3culos inteligentes por preocupa\u00e7\u00f5es com privacidade"},"content":{"rendered":"<div>\n<p>A <a href=\"https:\/\/olhardigital.com.br\/tag\/apple\/\" target=\"_blank\" rel=\"noreferrer noopener\">Apple<\/a> est\u00e1 desenvolvendo \u00f3culos inteligentes, mas o lan\u00e7amento foi adiado para 2027, em parte por causa de preocupa\u00e7\u00f5es com privacidade. As informa\u00e7\u00f5es s\u00e3o do jornalista Mark Gurman, da <em><a href=\"https:\/\/www.bloomberg.com\/news\/newsletters\/2026-07-26\/apple-glasses-may-debut-at-wwdc-2027-privacy-camera-features-versus-meta-ms1v7lta\" target=\"_blank\" rel=\"noreferrer noopener\">Bloomberg<\/a><\/em>, que detalhou os desafios internos que a empresa enfrenta para viabilizar o novo <a href=\"https:\/\/olhardigital.com.br\/tag\/hardware\/\" target=\"_blank\" rel=\"noreferrer noopener\">hardware<\/a>.<\/p>\n<p>Segundo Gurman, as equipes que trabalham nos \u00f3culos dentro do grupo de hardware Vision da Apple e em outras \u00e1reas da empresa tratam a <a href=\"https:\/\/olhardigital.com.br\/tag\/privacidade\/\" target=\"_blank\" rel=\"noreferrer noopener\">privacidade<\/a> como \u201cprioridade n\u00famero 1\u201d. Para lidar com essas quest\u00f5es, a Apple estaria desenvolvendo novos recursos de privacidade em hardware e <a href=\"https:\/\/olhardigital.com.br\/tag\/software\/\" target=\"_blank\" rel=\"noreferrer noopener\">software<\/a> que n\u00e3o est\u00e3o dispon\u00edveis em produtos atuais.<\/p>\n<h2 class=\"wp-block-heading\" id=\"h-recursos-de-privacidade-em-estudo\">Recursos de privacidade em estudo<\/h2>\n<ul>\n<li>No lado do software, a Apple deve adotar prote\u00e7\u00f5es similares \u00e0s da Meta: desativar a grava\u00e7\u00e3o caso o sistema detecte que a luz indicadora de grava\u00e7\u00e3o foi adulterada, de acordo com Gurman;<\/li>\n<li>A empresa tamb\u00e9m estaria avaliando vers\u00f5es com funcionalidades reduzidas;<\/li>\n<li>Uma das op\u00e7\u00f5es seria lan\u00e7ar \u00f3culos sem c\u00e2mera alguma;<\/li>\n<li>Outra alternativa seria oferecer um modelo com sistema de c\u00e2mera completo, mas sem a capacidade de tirar fotos ou gravar v\u00eddeos;<\/li>\n<li>As duas possibilidades foram relatadas por Gurman.<\/li>\n<\/ul>\n<div class=\"wp-block-image\">\n<figure class=\"aligncenter size-large\"><figcaption class=\"wp-element-caption\">Para lidar com essas quest\u00f5es, a Apple estaria desenvolvendo novos recursos de privacidade em hardware e software que n\u00e3o est\u00e3o dispon\u00edveis em produtos atuais \u2013 Imagem: ABCDstock\/Shutterstock<\/figcaption><\/figure>\n<\/div>\n<p><strong>Leia mais:<\/strong><\/p>\n<ul>\n<li><a href=\"https:\/\/olhardigital.com.br\/2023\/02\/09\/reviews\/o-que-sao-oculos-inteligentes-e-como-eles-funcionam\/\" target=\"_blank\" rel=\"noreferrer noopener\">O que s\u00e3o \u00f3culos inteligentes e como eles funcionam<\/a><\/li>\n<li><a href=\"https:\/\/olhardigital.com.br\/2026\/07\/24\/pro\/nao-ta-facil-pra-ninguem-ate-a-apple-esta-pedindo-desconto\/\" target=\"_blank\" rel=\"noreferrer noopener\">N\u00e3o t\u00e1 f\u00e1cil pra ningu\u00e9m: at\u00e9 a Apple est\u00e1 pedindo desconto<\/a><\/li>\n<li><a href=\"https:\/\/olhardigital.com.br\/2026\/07\/26\/reviews\/ipad-mini-proximo-tablet-pequeno-pode-ser-o-primeiro-resistente-a-agua-da-apple\/\" target=\"_blank\" rel=\"noreferrer noopener\">iPad mini: pr\u00f3ximo tablet pequeno pode ser o primeiro resistente \u00e0 \u00e1gua da Apple<\/a><\/li>\n<\/ul>\n<h2 class=\"wp-block-heading\" id=\"h-cronograma-revisado-pela-apple\">Cronograma revisado pela Apple<\/h2>\n<p>Os \u00f3culos inteligentes da Apple estavam inicialmente previstos para estrear ainda este ano. O prazo foi adiado, e o lan\u00e7amento agora \u00e9 esperado para o final de 2027, com uma apresenta\u00e7\u00e3o prevista para a pr\u00f3xima edi\u00e7\u00e3o da Worldwide Developers Conference (WWDC), tamb\u00e9m em 2027, segundo Gurman.<\/p>\n<p>Enquanto o produto n\u00e3o chega ao mercado, a Apple e os consumidores podem acompanhar o debate sobre privacidade em torno dos \u00f3culos com IA da Meta, que foram recentemente alvos de uma a\u00e7\u00e3o coletiva relacionada a alega\u00e7\u00f5es de privacidade.<\/p>\n<p>O post <a href=\"https:\/\/olhardigital.com.br\/2026\/07\/26\/reviews\/apple-adia-lancamento-de-oculos-inteligentes-por-preocupacoes-com-privacidade\/\">Apple adia lan\u00e7amento de \u00f3culos inteligentes por preocupa\u00e7\u00f5es com privacidade<\/a> apareceu primeiro em <a href=\"https:\/\/olhardigital.com.br\/\">Olhar Digital<\/a>.<\/p>\n<\/div>\n","protected":false},"excerpt":{"rendered":"<p>A Apple est\u00e1 desenvolvendo \u00f3culos inteligentes, mas o lan\u00e7amento foi adiado para 2027, em parte por causa de preocupa\u00e7\u00f5es com privacidade. As informa\u00e7\u00f5es s\u00e3o do jornalista Mark Gurman, da Bloomberg, que detalhou os desafios internos que a empresa enfrenta para viabilizar o novo hardware. Segundo Gurman, as equipes que trabalham nos \u00f3culos dentro do grupo<\/p>\n","protected":false},"author":6,"featured_media":12896,"comment_status":"closed","ping_status":"closed","sticky":false,"template":"","format":"standard","meta":{"fifu_image_url":"https:\/\/olhardigital.com.br\/wp-content\/uploads\/2026\/07\/apple-1024x682.jpg","fifu_image_alt":"Apple adia lan\u00e7amento de \u00f3culos inteligentes por preocupa\u00e7\u00f5es com privacidade","footnotes":""},"categories":[33],"tags":[],"class_list":["post-12895","post","type-post","status-publish","format-standard","has-post-thumbnail","hentry","category-noticias"],"_links":{"self":[{"href":"https:\/\/ilheusnews.com.br\/index.php?rest_route=\/wp\/v2\/posts\/12895","targetHints":{"allow":["GET"]}}],"collection":[{"href":"https:\/\/ilheusnews.com.br\/index.php?rest_route=\/wp\/v2\/posts"}],"about":[{"href":"https:\/\/ilheusnews.com.br\/index.php?rest_route=\/wp\/v2\/types\/post"}],"author":[{"embeddable":true,"href":"https:\/\/ilheusnews.com.br\/index.php?rest_route=\/wp\/v2\/users\/6"}],"replies":[{"embeddable":true,"href":"https:\/\/ilheusnews.com.br\/index.php?rest_route=%2Fwp%2Fv2%2Fcomments&post=12895"}],"version-history":[{"count":0,"href":"https:\/\/ilheusnews.com.br\/index.php?rest_route=\/wp\/v2\/posts\/12895\/revisions"}],"wp:featuredmedia":[{"embeddable":true,"href":"https:\/\/ilheusnews.com.br\/index.php?rest_route=\/wp\/v2\/media\/12896"}],"wp:attachment":[{"href":"https:\/\/ilheusnews.com.br\/index.php?rest_route=%2Fwp%2Fv2%2Fmedia&parent=12895"}],"wp:term":[{"taxonomy":"category","embeddable":true,"href":"https:\/\/ilheusnews.com.br\/index.php?rest_route=%2Fwp%2Fv2%2Fcategories&post=12895"},{"taxonomy":"post_tag","embeddable":true,"href":"https:\/\/ilheusnews.com.br\/index.php?rest_route=%2Fwp%2Fv2%2Ftags&post=12895"}],"curies":[{"name":"wp","href":"https:\/\/api.w.org\/{rel}","templated":true}]}}