{"id":12892,"date":"2026-07-27T00:01:12","date_gmt":"2026-07-27T03:01:12","guid":{"rendered":"https:\/\/ilheusnews.com.br\/?p=12892"},"modified":"2026-07-27T00:01:12","modified_gmt":"2026-07-27T03:01:12","slug":"ford-e-geely-se-unem-na-europa-por-veiculos-utilitarios","status":"publish","type":"post","link":"https:\/\/ilheusnews.com.br\/?p=12892","title":{"rendered":"Ford e Geely se unem na Europa por ve\u00edculos utilit\u00e1rios"},"content":{"rendered":"<div>\n<p>A Ford e a Geely anunciaram acordo para produ\u00e7\u00e3o de ve\u00edculos utilit\u00e1rios destinados ao mercado europeu. A parceria prev\u00ea que uma f\u00e1brica localizada na Espanha ser\u00e1 respons\u00e1vel pela montagem dos novos modelos, enquanto as equipes de engenharia utilizar\u00e3o plataformas desenvolvidas pela montadora chinesa.<\/p>\n<p>A opera\u00e7\u00e3o ser\u00e1 conduzida por Jim Baumbick, respons\u00e1vel pela divis\u00e3o regional da Ford. Segundo as diretrizes estabelecidas pela empresa, cada linha de produtos ter\u00e1 desenvolvimento pr\u00f3prio de carroceria e identidade visual exclusiva, mesmo utilizando arquiteturas compartilhadas.<\/p>\n<h2 class=\"wp-block-heading\" id=\"h-projetos-utilizarao-plataformas-da-geely\">Projetos utilizar\u00e3o plataformas da Geely<\/h2>\n<ul>\n<li>O planejamento industrial contempla dois projetos baseados em plataformas da Geely;<\/li>\n<li>O primeiro utilizar\u00e1 a arquitetura do modelo EX5 e ser\u00e1 respons\u00e1vel por substituir a atual linha Kuga. J\u00e1 o segundo ocupar\u00e1 o segmento anteriormente atendido pelo EcoSport;<\/li>\n<li>A estrat\u00e9gia tamb\u00e9m prev\u00ea uma adapta\u00e7\u00e3o do Bronco, que passar\u00e1 a utilizar sistemas el\u00e9tricos e de hibridiza\u00e7\u00e3o fornecidos pela fabricante chinesa;<\/li>\n<li>Al\u00e9m disso, a plataforma EX2 ser\u00e1 avaliada para viabilizar o desenvolvimento de modelos compactos semelhantes \u00e0s antigas linhas Ka e Fiesta.<\/li>\n<\/ul>\n<p>Al\u00e9m da colabora\u00e7\u00e3o com a Geely, a Ford mant\u00e9m alian\u00e7as com outros grupos automotivos no mercado europeu. Segundo o planejamento da empresa, a montadora continua trabalhando em conjunto com Renault e Volkswagen em projetos voltados \u00e0 eletrifica\u00e7\u00e3o de frotas na regi\u00e3o.<\/p>\n<\/p>\n<div class=\"wp-block-image\">\n<figure class=\"aligncenter size-large\"><figcaption class=\"wp-element-caption\">Parceria prev\u00ea que uma f\u00e1brica localizada na Espanha ser\u00e1 respons\u00e1vel pela montagem dos novos modelos \u2013 Imagem: Jonathan Weiss\/Shutterstock<\/figcaption><\/figure>\n<\/div>\n<p><strong>Leia mais:<\/strong><\/p>\n<ul>\n<li><a href=\"https:\/\/olhardigital.com.br\/2025\/02\/13\/carros-e-tecnologia\/8-dicas-para-prolongar-a-vida-util-do-seu-carro\/\" target=\"_blank\" rel=\"noreferrer noopener\">8 dicas para prolongar a vida \u00fatil do seu carro<\/a><\/li>\n<li><a href=\"https:\/\/olhardigital.com.br\/2025\/03\/08\/carros-e-tecnologia\/quer-comprar-seu-primeiro-carro-veja-o-que-voce-deve-considerar-ao-escolher\/\" target=\"_blank\" rel=\"noreferrer noopener\">Quer comprar seu primeiro carro? Veja o que voc\u00ea deve considerar ao escolher<\/a><\/li>\n<li><a href=\"https:\/\/olhardigital.com.br\/2026\/07\/23\/carros-e-tecnologia\/apple-vai-turbinar-carros-autonomos-da-ford-entenda-como\/\" target=\"_blank\" rel=\"noreferrer noopener\">Apple vai turbinar carros aut\u00f4nomos da Ford; entenda como<\/a><\/li>\n<\/ul>\n<h2 class=\"wp-block-heading\" id=\"h-producao-comeca-em-2027\">Produ\u00e7\u00e3o come\u00e7a em 2027<\/h2>\n<p>A opera\u00e7\u00e3o conjunta entre Ford e Geely, assim como o funcionamento da nova estrutura industrial na Espanha, est\u00e1 prevista para entrar em vigor no primeiro semestre de 2027. De acordo com o cronograma divulgado, os primeiros ve\u00edculos produzidos pela parceria dever\u00e3o sair oficialmente das linhas de montagem a partir de 2028.<\/p>\n<p>Os modelos desenvolvidos em conjunto pela Ford ainda n\u00e3o tiveram seus pre\u00e7os oficiais anunciados. Os ve\u00edculos compactos da Geely, como os modelos EX2\/E2, destinados principalmente ao mercado europeu, s\u00e3o comercializados por importadores com pre\u00e7os promocionais a partir de 19,9 mil euros (R$ 115,5 mil) nas vers\u00f5es de entrada, chegando a cerca de 25 mil euros (R$ 145,1 mil) nas configura\u00e7\u00f5es mais completas.<\/p>\n<p>Os valores dos SUVs desenvolvidos em parceria entre Ford e Geely dever\u00e3o ser divulgados apenas pr\u00f3ximo ao lan\u00e7amento comercial.<\/p>\n<p>O post <a href=\"https:\/\/olhardigital.com.br\/2026\/07\/26\/carros-e-tecnologia\/ford-e-geely-se-unem-na-europa-por-veiculos-utilitarios\/\">Ford e Geely se unem na Europa por ve\u00edculos utilit\u00e1rios<\/a> apareceu primeiro em <a href=\"https:\/\/olhardigital.com.br\/\">Olhar Digital<\/a>.<\/p>\n<\/div>\n","protected":false},"excerpt":{"rendered":"<p>A Ford e a Geely anunciaram acordo para produ\u00e7\u00e3o de ve\u00edculos utilit\u00e1rios destinados ao mercado europeu. A parceria prev\u00ea que uma f\u00e1brica localizada na Espanha ser\u00e1 respons\u00e1vel pela montagem dos novos modelos, enquanto as equipes de engenharia utilizar\u00e3o plataformas desenvolvidas pela montadora chinesa. A opera\u00e7\u00e3o ser\u00e1 conduzida por Jim Baumbick, respons\u00e1vel pela divis\u00e3o regional da<\/p>\n","protected":false},"author":6,"featured_media":12893,"comment_status":"closed","ping_status":"closed","sticky":false,"template":"","format":"standard","meta":{"fifu_image_url":"https:\/\/olhardigital.com.br\/wp-content\/uploads\/2026\/06\/ford-1024x683.jpg","fifu_image_alt":"Ford e Geely se unem na Europa por ve\u00edculos utilit\u00e1rios","footnotes":""},"categories":[33],"tags":[],"class_list":["post-12892","post","type-post","status-publish","format-standard","has-post-thumbnail","hentry","category-noticias"],"_links":{"self":[{"href":"https:\/\/ilheusnews.com.br\/index.php?rest_route=\/wp\/v2\/posts\/12892","targetHints":{"allow":["GET"]}}],"collection":[{"href":"https:\/\/ilheusnews.com.br\/index.php?rest_route=\/wp\/v2\/posts"}],"about":[{"href":"https:\/\/ilheusnews.com.br\/index.php?rest_route=\/wp\/v2\/types\/post"}],"author":[{"embeddable":true,"href":"https:\/\/ilheusnews.com.br\/index.php?rest_route=\/wp\/v2\/users\/6"}],"replies":[{"embeddable":true,"href":"https:\/\/ilheusnews.com.br\/index.php?rest_route=%2Fwp%2Fv2%2Fcomments&post=12892"}],"version-history":[{"count":0,"href":"https:\/\/ilheusnews.com.br\/index.php?rest_route=\/wp\/v2\/posts\/12892\/revisions"}],"wp:featuredmedia":[{"embeddable":true,"href":"https:\/\/ilheusnews.com.br\/index.php?rest_route=\/wp\/v2\/media\/12893"}],"wp:attachment":[{"href":"https:\/\/ilheusnews.com.br\/index.php?rest_route=%2Fwp%2Fv2%2Fmedia&parent=12892"}],"wp:term":[{"taxonomy":"category","embeddable":true,"href":"https:\/\/ilheusnews.com.br\/index.php?rest_route=%2Fwp%2Fv2%2Fcategories&post=12892"},{"taxonomy":"post_tag","embeddable":true,"href":"https:\/\/ilheusnews.com.br\/index.php?rest_route=%2Fwp%2Fv2%2Ftags&post=12892"}],"curies":[{"name":"wp","href":"https:\/\/api.w.org\/{rel}","templated":true}]}}