{"id":12770,"date":"2026-07-25T10:12:48","date_gmt":"2026-07-25T13:12:48","guid":{"rendered":"https:\/\/ilheusnews.com.br\/?p=12770"},"modified":"2026-07-25T10:12:48","modified_gmt":"2026-07-25T13:12:48","slug":"camara-municipal-recorre-de-decisao-que-anulou-declaracao-de-inidoneidade-de-empresa-responsavel-por-obra-do-predio-anexo","status":"publish","type":"post","link":"https:\/\/ilheusnews.com.br\/?p=12770","title":{"rendered":"C\u00e2mara Municipal recorre de decis\u00e3o que anulou declara\u00e7\u00e3o de inidoneidade de empresa respons\u00e1vel por obra do pr\u00e9dio anexo"},"content":{"rendered":"<div>A C\u00e2mara Municipal de Feira de Santana j\u00e1 recorreu da decis\u00e3o judicial que anulou o ato administrativo que declarou inid\u00f4nea a empresa respons\u00e1vel pela primeira etapa das obras do pr\u00e9dio anexo da Casa Legislativa. A informa\u00e7\u00e3o foi confirmada ao site Bahia na Pol\u00edtica pelo presidente do Legislativo, Marcos Lima (Uni\u00e3o Brasil \u2013 foto ilustra\u00e7\u00e3o). A empresa foi contratada durante a gest\u00e3o da ent\u00e3o presidente da C\u00e2mara, vereadora Eremita Mota (PP), mas teve o contrato rescindido ap\u00f3s a paralisa\u00e7\u00e3o da obra e a abertura de um processo administrativo para apurar supostas irregularidades. Segundo Marcos Lima, o recurso foi apresentado pela Procuradoria da C\u00e2mara com o objetivo de restabelecer a decis\u00e3o administrativa que aplicou a penalidade \u00e0 empresa. A atual gest\u00e3o sustenta que o processo administrativo apontou irregularidades na execu\u00e7\u00e3o do contrato, incluindo diverg\u00eancias entre os servi\u00e7os realizados e os valores pagos, raz\u00e3o pela qual entende que a declara\u00e7\u00e3o de inidoneidade foi adotada de forma legal. Paralelamente \u00e0 disputa judicial, a obra do pr\u00e9dio anexo est\u00e1 sendo executada por uma nova empresa, contratada ap\u00f3s novo processo licitat\u00f3rio. Antes da retomada dos servi\u00e7os, a construtora realizou uma avalia\u00e7\u00e3o t\u00e9cnica da estrutura para identificar o que havia sido executado pela empresa anterior, procedimento que deve provocar atraso na conclus\u00e3o da obra em rela\u00e7\u00e3o ao prazo inicialmente previsto de seis meses.<\/div>\n","protected":false},"excerpt":{"rendered":"<p>A C\u00e2mara Municipal de Feira de Santana j\u00e1 recorreu da decis\u00e3o judicial que anulou o ato administrativo que declarou inid\u00f4nea a empresa respons\u00e1vel pela primeira etapa das obras do pr\u00e9dio anexo da Casa Legislativa. A informa\u00e7\u00e3o foi confirmada ao site Bahia na Pol\u00edtica pelo presidente do Legislativo, Marcos Lima (Uni\u00e3o Brasil \u2013 foto ilustra\u00e7\u00e3o). A<\/p>\n","protected":false},"author":8,"featured_media":0,"comment_status":"closed","ping_status":"closed","sticky":false,"template":"","format":"standard","meta":{"fifu_image_url":"","fifu_image_alt":"","footnotes":""},"categories":[33],"tags":[],"class_list":["post-12770","post","type-post","status-publish","format-standard","hentry","category-noticias"],"_links":{"self":[{"href":"https:\/\/ilheusnews.com.br\/index.php?rest_route=\/wp\/v2\/posts\/12770","targetHints":{"allow":["GET"]}}],"collection":[{"href":"https:\/\/ilheusnews.com.br\/index.php?rest_route=\/wp\/v2\/posts"}],"about":[{"href":"https:\/\/ilheusnews.com.br\/index.php?rest_route=\/wp\/v2\/types\/post"}],"author":[{"embeddable":true,"href":"https:\/\/ilheusnews.com.br\/index.php?rest_route=\/wp\/v2\/users\/8"}],"replies":[{"embeddable":true,"href":"https:\/\/ilheusnews.com.br\/index.php?rest_route=%2Fwp%2Fv2%2Fcomments&post=12770"}],"version-history":[{"count":0,"href":"https:\/\/ilheusnews.com.br\/index.php?rest_route=\/wp\/v2\/posts\/12770\/revisions"}],"wp:attachment":[{"href":"https:\/\/ilheusnews.com.br\/index.php?rest_route=%2Fwp%2Fv2%2Fmedia&parent=12770"}],"wp:term":[{"taxonomy":"category","embeddable":true,"href":"https:\/\/ilheusnews.com.br\/index.php?rest_route=%2Fwp%2Fv2%2Fcategories&post=12770"},{"taxonomy":"post_tag","embeddable":true,"href":"https:\/\/ilheusnews.com.br\/index.php?rest_route=%2Fwp%2Fv2%2Ftags&post=12770"}],"curies":[{"name":"wp","href":"https:\/\/api.w.org\/{rel}","templated":true}]}}