{"id":12709,"date":"2026-07-24T12:02:38","date_gmt":"2026-07-24T15:02:38","guid":{"rendered":"https:\/\/ilheusnews.com.br\/?p=12709"},"modified":"2026-07-24T12:02:38","modified_gmt":"2026-07-24T15:02:38","slug":"ruy-barbosa-eridan-de-bonifacio-e-alvo-de-denuncia-sobre-licitacao-de-terceirizacao","status":"publish","type":"post","link":"https:\/\/ilheusnews.com.br\/?p=12709","title":{"rendered":"Ruy Barbosa: Eridan de Bonif\u00e1cio \u00e9 alvo de den\u00fancia sobre licita\u00e7\u00e3o de terceiriza\u00e7\u00e3o"},"content":{"rendered":"<div>A prefeita de Ruy Barbosa, Eridan de Bonif\u00e1cio (MDB \u2013 foto ilustra\u00e7\u00e3o), e o pregoeiro do munic\u00edpio foram alvo de uma den\u00fancia no TCM que questiona a condu\u00e7\u00e3o do preg\u00e3o eletr\u00f4nico n\u00ba 012\/2026, destinado \u00e0 contrata\u00e7\u00e3o de empresa para presta\u00e7\u00e3o de servi\u00e7os cont\u00ednuos com dedica\u00e7\u00e3o exclusiva de m\u00e3o de obra. A empresa autora da a\u00e7\u00e3o afirma que apresentou a proposta de menor pre\u00e7o, mas foi desclassificada de forma irregular. Segundo a den\u00fancia, a desclassifica\u00e7\u00e3o ocorreu sob a justificativa de inexequibilidade da proposta, apesar de a empresa sustentar que comprovou a viabilidade da oferta. Tamb\u00e9m s\u00e3o apontadas supostas falhas no procedimento, como prazo reduzido para apresenta\u00e7\u00e3o de esclarecimentos, excesso de formalismo e tratamento desigual em rela\u00e7\u00e3o \u00e0 empresa vencedora. O pedido inclui a suspens\u00e3o da homologa\u00e7\u00e3o, da adjudica\u00e7\u00e3o e da ata de registro de pre\u00e7os. Ao analisar o caso, o Tribunal de Contas dos Munic\u00edpios decidiu adiar a aprecia\u00e7\u00e3o do pedido de liminar e determinou a notifica\u00e7\u00e3o pr\u00e9via da prefeita Eridan de Bonif\u00e1cio e do pregoeiro para que apresentem esclarecimentos. O relator, conselheiro Paulo Rangel, entendeu que a controv\u00e9rsia exige uma an\u00e1lise mais aprofundada e que a manifesta\u00e7\u00e3o dos denunciados \u00e9 necess\u00e1ria antes de decidir sobre a suspens\u00e3o da licita\u00e7\u00e3o. (Da Reda\u00e7\u00e3o)<\/div>\n","protected":false},"excerpt":{"rendered":"<p>A prefeita de Ruy Barbosa, Eridan de Bonif\u00e1cio (MDB \u2013 foto ilustra\u00e7\u00e3o), e o pregoeiro do munic\u00edpio foram alvo de uma den\u00fancia no TCM que questiona a condu\u00e7\u00e3o do preg\u00e3o eletr\u00f4nico n\u00ba 012\/2026, destinado \u00e0 contrata\u00e7\u00e3o de empresa para presta\u00e7\u00e3o de servi\u00e7os cont\u00ednuos com dedica\u00e7\u00e3o exclusiva de m\u00e3o de obra. A empresa autora da a\u00e7\u00e3o<\/p>\n","protected":false},"author":8,"featured_media":0,"comment_status":"closed","ping_status":"closed","sticky":false,"template":"","format":"standard","meta":{"fifu_image_url":"","fifu_image_alt":"","footnotes":""},"categories":[33],"tags":[],"class_list":["post-12709","post","type-post","status-publish","format-standard","hentry","category-noticias"],"_links":{"self":[{"href":"https:\/\/ilheusnews.com.br\/index.php?rest_route=\/wp\/v2\/posts\/12709","targetHints":{"allow":["GET"]}}],"collection":[{"href":"https:\/\/ilheusnews.com.br\/index.php?rest_route=\/wp\/v2\/posts"}],"about":[{"href":"https:\/\/ilheusnews.com.br\/index.php?rest_route=\/wp\/v2\/types\/post"}],"author":[{"embeddable":true,"href":"https:\/\/ilheusnews.com.br\/index.php?rest_route=\/wp\/v2\/users\/8"}],"replies":[{"embeddable":true,"href":"https:\/\/ilheusnews.com.br\/index.php?rest_route=%2Fwp%2Fv2%2Fcomments&post=12709"}],"version-history":[{"count":0,"href":"https:\/\/ilheusnews.com.br\/index.php?rest_route=\/wp\/v2\/posts\/12709\/revisions"}],"wp:attachment":[{"href":"https:\/\/ilheusnews.com.br\/index.php?rest_route=%2Fwp%2Fv2%2Fmedia&parent=12709"}],"wp:term":[{"taxonomy":"category","embeddable":true,"href":"https:\/\/ilheusnews.com.br\/index.php?rest_route=%2Fwp%2Fv2%2Fcategories&post=12709"},{"taxonomy":"post_tag","embeddable":true,"href":"https:\/\/ilheusnews.com.br\/index.php?rest_route=%2Fwp%2Fv2%2Ftags&post=12709"}],"curies":[{"name":"wp","href":"https:\/\/api.w.org\/{rel}","templated":true}]}}