{"id":12703,"date":"2026-07-24T06:04:38","date_gmt":"2026-07-24T09:04:38","guid":{"rendered":"https:\/\/ilheusnews.com.br\/?p=12703"},"modified":"2026-07-24T06:04:38","modified_gmt":"2026-07-24T09:04:38","slug":"tjba-promove-evento-em-comemoracao-aos-35-anos-da-lei-de-cotas-nesta-sexta-feira-24","status":"publish","type":"post","link":"https:\/\/ilheusnews.com.br\/?p=12703","title":{"rendered":"TJBA promove evento em comemora\u00e7\u00e3o aos 35 Anos da Lei\u00a0de Cotas\u00a0nesta sexta-feira\u00a0(24)\u00a0\u00a0"},"content":{"rendered":"<div>O protagonismo\u00a0da pessoa com defici\u00eancia e a valoriza\u00e7\u00e3o da inclus\u00e3o no trabalho\u00a0ser\u00e3o debatidos nesta sexta-feira (24), no\u00a0Tribunal de Justi\u00e7a da Bahia (TJBA). Promovido por meio da\u00a0Comiss\u00e3o Permanente de Acessibilidade e Inclus\u00e3o (CPAI) em\u00a0parceria\u00a0com a Associa\u00e7\u00e3o de Pais e Amigos dos Excepcionais de Salvador (APAE), o evento celebra os 35 anos da Lei de Cotas e ocorrer\u00e1, das 8h \u00e0s 12h, no Audit\u00f3rio Desembargadora\u00a0Olny\u00a0Silva.\u00a0(Foto ilustra\u00e7\u00e3o) A programa\u00e7\u00e3o conta com\u00a0duas mesas de debates: \u201cValoriza\u00e7\u00e3o profissional das pessoas com defici\u00eancia\u201d e \u201cProtagonismo da pessoa com defici\u00eancia: experi\u00eancias e trajet\u00f3rias no mundo do trabalho\u201d. Al\u00e9m disso,\u00a0haver\u00e1 uma apresenta\u00e7\u00e3o art\u00edstica da\u00a0Opaxor\u00f4\u00a0Cia de Dan\u00e7a da APAE de Salvador.\u00a0 A iniciativa busca fortalecer o debate e a conscientiza\u00e7\u00e3o sobre a import\u00e2ncia da inclus\u00e3o de pessoas com defici\u00eancia no mercado de trabalho, destacando o papel fundamental da Lei de Cotas na promo\u00e7\u00e3o da equidade e da justi\u00e7a social.\u00a0(Ascom\/TJBA)<\/div>\n","protected":false},"excerpt":{"rendered":"<p>O protagonismo\u00a0da pessoa com defici\u00eancia e a valoriza\u00e7\u00e3o da inclus\u00e3o no trabalho\u00a0ser\u00e3o debatidos nesta sexta-feira (24), no\u00a0Tribunal de Justi\u00e7a da Bahia (TJBA). Promovido por meio da\u00a0Comiss\u00e3o Permanente de Acessibilidade e Inclus\u00e3o (CPAI) em\u00a0parceria\u00a0com a Associa\u00e7\u00e3o de Pais e Amigos dos Excepcionais de Salvador (APAE), o evento celebra os 35 anos da Lei de Cotas e<\/p>\n","protected":false},"author":8,"featured_media":0,"comment_status":"closed","ping_status":"closed","sticky":false,"template":"","format":"standard","meta":{"fifu_image_url":"","fifu_image_alt":"","footnotes":""},"categories":[33],"tags":[],"class_list":["post-12703","post","type-post","status-publish","format-standard","hentry","category-noticias"],"_links":{"self":[{"href":"https:\/\/ilheusnews.com.br\/index.php?rest_route=\/wp\/v2\/posts\/12703","targetHints":{"allow":["GET"]}}],"collection":[{"href":"https:\/\/ilheusnews.com.br\/index.php?rest_route=\/wp\/v2\/posts"}],"about":[{"href":"https:\/\/ilheusnews.com.br\/index.php?rest_route=\/wp\/v2\/types\/post"}],"author":[{"embeddable":true,"href":"https:\/\/ilheusnews.com.br\/index.php?rest_route=\/wp\/v2\/users\/8"}],"replies":[{"embeddable":true,"href":"https:\/\/ilheusnews.com.br\/index.php?rest_route=%2Fwp%2Fv2%2Fcomments&post=12703"}],"version-history":[{"count":0,"href":"https:\/\/ilheusnews.com.br\/index.php?rest_route=\/wp\/v2\/posts\/12703\/revisions"}],"wp:attachment":[{"href":"https:\/\/ilheusnews.com.br\/index.php?rest_route=%2Fwp%2Fv2%2Fmedia&parent=12703"}],"wp:term":[{"taxonomy":"category","embeddable":true,"href":"https:\/\/ilheusnews.com.br\/index.php?rest_route=%2Fwp%2Fv2%2Fcategories&post=12703"},{"taxonomy":"post_tag","embeddable":true,"href":"https:\/\/ilheusnews.com.br\/index.php?rest_route=%2Fwp%2Fv2%2Ftags&post=12703"}],"curies":[{"name":"wp","href":"https:\/\/api.w.org\/{rel}","templated":true}]}}