{"id":12699,"date":"2026-07-24T06:04:28","date_gmt":"2026-07-24T09:04:28","guid":{"rendered":"https:\/\/ilheusnews.com.br\/?p=12699"},"modified":"2026-07-24T06:04:28","modified_gmt":"2026-07-24T09:04:28","slug":"material-de-campanha-impresso-para-pleito-majoritario-tambem-deve-ser-produzido-em-braille","status":"publish","type":"post","link":"https:\/\/ilheusnews.com.br\/?p=12699","title":{"rendered":"Material de campanha impresso para pleito majorit\u00e1rio tamb\u00e9m deve ser produzido em Braille"},"content":{"rendered":"<div>Nas elei\u00e7\u00f5es majorit\u00e1rias, partidos pol\u00edticos, federa\u00e7\u00f5es e candidaturas que\u00a0fizeram\u00a0propaganda eleitoral impressa\u00a0dever\u00e3o produzi-la tamb\u00e9m em\u00a0sistema Braille, observado o percentual\u00a0de pessoas com defici\u00eancia visual que consta no cadastro eleitoral na localidade onde a propaganda ser\u00e1 veiculada.\u00a0A\u00a0tabela com os dados a serem observados\u00a0est\u00e1 dispon\u00edvel\u00a0no Portal do\u00a0Tribunal Superior Eleitoral (TSE).\u00a0(Foto ilustra\u00e7\u00e3o) A exig\u00eancia est\u00e1 prevista na\u00a0Resolu\u00e7\u00e3o TSE n\u00ba 23.610\/2019. A norma estabelece que a propaganda eleitoral feita por meio da distribui\u00e7\u00e3o de folhetos ou volantes referentes a cargos do Executivo (presidente e governador), al\u00e9m do Senado, tamb\u00e9m dever\u00e1 ser feita em Braille, na propor\u00e7\u00e3o de cada circunscri\u00e7\u00e3o.\u00a0 Segundo dados\u00a0da Justi\u00e7a Eleitoral, o Brasil tem 319.489 eleitoras e eleitores com defici\u00eancia visual aptos a votar, o equivalente a 0,20% do eleitorado nacional, formado por cerca de 158,7 milh\u00f5es de pessoas.\u00a0 Entre as unidades da Federa\u00e7\u00e3o, Tocantins apresenta o maior percentual de\u00a0votantes\u00a0com defici\u00eancia visual (0,33%), seguido por Rio Grande do Norte e Piau\u00ed (0,30% cada). Goi\u00e1s, Santa Catarina e S\u00e3o Paulo registram o menor percentual (0,16%). Em n\u00fameros absolutos, S\u00e3o Paulo concentra o maior contingente de eleitores com\u00a0defici\u00eancia visual do pa\u00eds, com 53.192 pessoas.\u00a0(Fonte: TSE)<\/div>\n","protected":false},"excerpt":{"rendered":"<p>Nas elei\u00e7\u00f5es majorit\u00e1rias, partidos pol\u00edticos, federa\u00e7\u00f5es e candidaturas que\u00a0fizeram\u00a0propaganda eleitoral impressa\u00a0dever\u00e3o produzi-la tamb\u00e9m em\u00a0sistema Braille, observado o percentual\u00a0de pessoas com defici\u00eancia visual que consta no cadastro eleitoral na localidade onde a propaganda ser\u00e1 veiculada.\u00a0A\u00a0tabela com os dados a serem observados\u00a0est\u00e1 dispon\u00edvel\u00a0no Portal do\u00a0Tribunal Superior Eleitoral (TSE).\u00a0(Foto ilustra\u00e7\u00e3o) A exig\u00eancia est\u00e1 prevista na\u00a0Resolu\u00e7\u00e3o TSE n\u00ba 23.610\/2019.<\/p>\n","protected":false},"author":8,"featured_media":0,"comment_status":"closed","ping_status":"closed","sticky":false,"template":"","format":"standard","meta":{"fifu_image_url":"","fifu_image_alt":"","footnotes":""},"categories":[33],"tags":[],"class_list":["post-12699","post","type-post","status-publish","format-standard","hentry","category-noticias"],"_links":{"self":[{"href":"https:\/\/ilheusnews.com.br\/index.php?rest_route=\/wp\/v2\/posts\/12699","targetHints":{"allow":["GET"]}}],"collection":[{"href":"https:\/\/ilheusnews.com.br\/index.php?rest_route=\/wp\/v2\/posts"}],"about":[{"href":"https:\/\/ilheusnews.com.br\/index.php?rest_route=\/wp\/v2\/types\/post"}],"author":[{"embeddable":true,"href":"https:\/\/ilheusnews.com.br\/index.php?rest_route=\/wp\/v2\/users\/8"}],"replies":[{"embeddable":true,"href":"https:\/\/ilheusnews.com.br\/index.php?rest_route=%2Fwp%2Fv2%2Fcomments&post=12699"}],"version-history":[{"count":0,"href":"https:\/\/ilheusnews.com.br\/index.php?rest_route=\/wp\/v2\/posts\/12699\/revisions"}],"wp:attachment":[{"href":"https:\/\/ilheusnews.com.br\/index.php?rest_route=%2Fwp%2Fv2%2Fmedia&parent=12699"}],"wp:term":[{"taxonomy":"category","embeddable":true,"href":"https:\/\/ilheusnews.com.br\/index.php?rest_route=%2Fwp%2Fv2%2Fcategories&post=12699"},{"taxonomy":"post_tag","embeddable":true,"href":"https:\/\/ilheusnews.com.br\/index.php?rest_route=%2Fwp%2Fv2%2Ftags&post=12699"}],"curies":[{"name":"wp","href":"https:\/\/api.w.org\/{rel}","templated":true}]}}