{"id":12639,"date":"2026-07-23T12:01:08","date_gmt":"2026-07-23T15:01:08","guid":{"rendered":"https:\/\/ilheusnews.com.br\/?p=12639"},"modified":"2026-07-23T12:01:08","modified_gmt":"2026-07-23T15:01:08","slug":"mp-cobra-providencias-do-conselho-tutelar-2-de-feira-apos-omissao","status":"publish","type":"post","link":"https:\/\/ilheusnews.com.br\/?p=12639","title":{"rendered":"MP cobra provid\u00eancias do Conselho Tutelar 2 de Feira ap\u00f3s omiss\u00e3o"},"content":{"rendered":"<div>A falta de resposta do Conselho Tutelar 2 de Feira de Santana a requisi\u00e7\u00f5es relacionadas \u00e0 prote\u00e7\u00e3o de uma crian\u00e7a em situa\u00e7\u00e3o de vulnerabilidade levou o Minist\u00e9rio P\u00fablico a expedir uma recomenda\u00e7\u00e3o cobrando provid\u00eancias urgentes. O caso envolve uma crian\u00e7a acolhida pelos irm\u00e3os maiores ap\u00f3s a m\u00e3e, diagnosticada com esquizofrenia e com hist\u00f3rico de surtos agressivos, passar a representar risco \u00e0 sua integridade. Segundo o promotor, Gabriel Andrade Figueiredo, o Conselho Tutelar deixou de cumprir dilig\u00eancias requisitadas anteriormente e sequer apresentou justificativa para a omiss\u00e3o. Na recomenda\u00e7\u00e3o, o Minist\u00e9rio P\u00fablico determina que o Conselho Tutelar 2 realize, no prazo de 10 dias, visita domiciliar ao novo endere\u00e7o da crian\u00e7a, ou\u00e7a formalmente a irm\u00e3 sobre o interesse em assumir a guarda judicial e apure se houve novos epis\u00f3dios de risco envolvendo a genitora. Tamb\u00e9m foi exigido um relat\u00f3rio detalhado das dilig\u00eancias e uma justificativa individualizada dos conselheiros que deixaram de atender \u00e0s requisi\u00e7\u00f5es ministeriais. O documento ainda adverte que o descumprimento poder\u00e1 resultar na ado\u00e7\u00e3o de medidas judiciais, incluindo a\u00e7\u00e3o civil p\u00fablica para destitui\u00e7\u00e3o do cargo dos conselheiros respons\u00e1veis. A recomenda\u00e7\u00e3o tamb\u00e9m foi encaminhada ao Conselho Municipal dos Direitos da Crian\u00e7a e do Adolescente (CMDCA), \u00e0 prefeitura de Feira de Santana e \u00e0 Procuradoria-Geral do Munic\u00edpio para que adotem as medidas administrativas cab\u00edveis. Em Feira de Santana, os Conselhos Tutelares s\u00e3o \u00f3rg\u00e3os permanentes respons\u00e1veis por atender casos de amea\u00e7a ou viola\u00e7\u00e3o dos direitos de crian\u00e7as e adolescentes e atuam de forma descentralizada em diferentes regi\u00f5es do munic\u00edpio, exercendo papel essencial na rede de prote\u00e7\u00e3o prevista pelo Estatuto da Crian\u00e7a e do Adolescente (ECA). (Da Reda\u00e7\u00e3o)<\/div>\n","protected":false},"excerpt":{"rendered":"<p>A falta de resposta do Conselho Tutelar 2 de Feira de Santana a requisi\u00e7\u00f5es relacionadas \u00e0 prote\u00e7\u00e3o de uma crian\u00e7a em situa\u00e7\u00e3o de vulnerabilidade levou o Minist\u00e9rio P\u00fablico a expedir uma recomenda\u00e7\u00e3o cobrando provid\u00eancias urgentes. O caso envolve uma crian\u00e7a acolhida pelos irm\u00e3os maiores ap\u00f3s a m\u00e3e, diagnosticada com esquizofrenia e com hist\u00f3rico de surtos<\/p>\n","protected":false},"author":8,"featured_media":0,"comment_status":"closed","ping_status":"closed","sticky":false,"template":"","format":"standard","meta":{"fifu_image_url":"","fifu_image_alt":"","footnotes":""},"categories":[33],"tags":[],"class_list":["post-12639","post","type-post","status-publish","format-standard","hentry","category-noticias"],"_links":{"self":[{"href":"https:\/\/ilheusnews.com.br\/index.php?rest_route=\/wp\/v2\/posts\/12639","targetHints":{"allow":["GET"]}}],"collection":[{"href":"https:\/\/ilheusnews.com.br\/index.php?rest_route=\/wp\/v2\/posts"}],"about":[{"href":"https:\/\/ilheusnews.com.br\/index.php?rest_route=\/wp\/v2\/types\/post"}],"author":[{"embeddable":true,"href":"https:\/\/ilheusnews.com.br\/index.php?rest_route=\/wp\/v2\/users\/8"}],"replies":[{"embeddable":true,"href":"https:\/\/ilheusnews.com.br\/index.php?rest_route=%2Fwp%2Fv2%2Fcomments&post=12639"}],"version-history":[{"count":0,"href":"https:\/\/ilheusnews.com.br\/index.php?rest_route=\/wp\/v2\/posts\/12639\/revisions"}],"wp:attachment":[{"href":"https:\/\/ilheusnews.com.br\/index.php?rest_route=%2Fwp%2Fv2%2Fmedia&parent=12639"}],"wp:term":[{"taxonomy":"category","embeddable":true,"href":"https:\/\/ilheusnews.com.br\/index.php?rest_route=%2Fwp%2Fv2%2Fcategories&post=12639"},{"taxonomy":"post_tag","embeddable":true,"href":"https:\/\/ilheusnews.com.br\/index.php?rest_route=%2Fwp%2Fv2%2Ftags&post=12639"}],"curies":[{"name":"wp","href":"https:\/\/api.w.org\/{rel}","templated":true}]}}