{"id":12631,"date":"2026-07-23T06:00:54","date_gmt":"2026-07-23T09:00:54","guid":{"rendered":"https:\/\/ilheusnews.com.br\/?p=12631"},"modified":"2026-07-23T06:00:54","modified_gmt":"2026-07-23T09:00:54","slug":"cresce-quase-50-o-numero-de-eleitores-com-deficiencia-e-de-secoes-com-acessibilidade","status":"publish","type":"post","link":"https:\/\/ilheusnews.com.br\/?p=12631","title":{"rendered":"Cresce quase 50% o n\u00famero de eleitores com defici\u00eancia\u00a0e de\u00a0se\u00e7\u00f5es com acessibilidade"},"content":{"rendered":"<div>As Elei\u00e7\u00f5es 2026 contar\u00e3o com o maior n\u00famero de eleitoras e eleitores com defici\u00eancia j\u00e1 registrado pela Justi\u00e7a Eleitoral. Dados do perfil do eleitorado divulgados pelo Tribunal Superior Eleitoral (TSE) na segunda-feira (20) mostram que 1.963.551 pessoas com defici\u00eancia est\u00e3o aptas a votar no pleito deste ano, um crescimento de 42,5% em rela\u00e7\u00e3o \u00e0s Elei\u00e7\u00f5es Gerais de 2022, quando esse p\u00fablico somava 1.377.787 eleitores.\u00a0 (Foto ilustra\u00e7\u00e3o) Para acompanhar esse aumento, a Justi\u00e7a Eleitoral ampliou a estrutura destinada a garantir o exerc\u00edcio do voto com autonomia e seguran\u00e7a. O n\u00famero de se\u00e7\u00f5es eleitorais principais com acessibilidade passou de 156.296, em 2022, para\u00a0223.587\u00a0em\u00a02026, um crescimento de 43%.\u00a0 A amplia\u00e7\u00e3o das se\u00e7\u00f5es acess\u00edveis faz parte das a\u00e7\u00f5es permanentes da Justi\u00e7a Eleitoral para promover a inclus\u00e3o e assegurar que eleitoras e eleitores com defici\u00eancia ou mobilidade reduzida possam exercer plenamente o direito ao voto.\u00a0 Perfil do eleitorado com defici\u00eancia\u00a0 Entre as pessoas com defici\u00eancia aptas a votar nas Elei\u00e7\u00f5es 2026, o maior grupo \u00e9 formado por eleitoras e eleitores classificados na categoria \u201cOutros\u201d, que re\u00fane 994.472 pessoas, correspondendo a 45,46% do total.\u00a0 Na sequ\u00eancia aparecem:\u00a0 \u2013 Defici\u00eancia de locomo\u00e7\u00e3o: 617.996 eleitoras e eleitores (28,31%);\u00a0 \u2013 Defici\u00eancia visual: 319.489 (14,61%);\u00a0 \u2013 Defici\u00eancia auditiva: 182.341 (8,32%);\u00a0 \u2013 Dificuldade para o exerc\u00edcio do voto: 64.851 (2,97%).\u00a0 Em compara\u00e7\u00e3o com 2022, todos os principais grupos, com exce\u00e7\u00e3o da categoria \u201cdificuldade para o exerc\u00edcio do voto\u201d, registraram crescimento. O n\u00famero de eleitoras e eleitores com defici\u00eancia visual, por exemplo, passou de 214.088 para 319.489, aumento de aproximadamente 49%. J\u00e1 o eleitorado com defici\u00eancia auditiva cresceu de 118.213 para 182.341, alta de cerca de 54%, enquanto as pessoas com defici\u00eancia de locomo\u00e7\u00e3o passaram de 488.475 para 617.996, crescimento de 26,5%.\u00a0(Fonte: TSE)<\/div>\n","protected":false},"excerpt":{"rendered":"<p>As Elei\u00e7\u00f5es 2026 contar\u00e3o com o maior n\u00famero de eleitoras e eleitores com defici\u00eancia j\u00e1 registrado pela Justi\u00e7a Eleitoral. Dados do perfil do eleitorado divulgados pelo Tribunal Superior Eleitoral (TSE) na segunda-feira (20) mostram que 1.963.551 pessoas com defici\u00eancia est\u00e3o aptas a votar no pleito deste ano, um crescimento de 42,5% em rela\u00e7\u00e3o \u00e0s Elei\u00e7\u00f5es<\/p>\n","protected":false},"author":8,"featured_media":0,"comment_status":"closed","ping_status":"closed","sticky":false,"template":"","format":"standard","meta":{"fifu_image_url":"","fifu_image_alt":"","footnotes":""},"categories":[33],"tags":[],"class_list":["post-12631","post","type-post","status-publish","format-standard","hentry","category-noticias"],"_links":{"self":[{"href":"https:\/\/ilheusnews.com.br\/index.php?rest_route=\/wp\/v2\/posts\/12631","targetHints":{"allow":["GET"]}}],"collection":[{"href":"https:\/\/ilheusnews.com.br\/index.php?rest_route=\/wp\/v2\/posts"}],"about":[{"href":"https:\/\/ilheusnews.com.br\/index.php?rest_route=\/wp\/v2\/types\/post"}],"author":[{"embeddable":true,"href":"https:\/\/ilheusnews.com.br\/index.php?rest_route=\/wp\/v2\/users\/8"}],"replies":[{"embeddable":true,"href":"https:\/\/ilheusnews.com.br\/index.php?rest_route=%2Fwp%2Fv2%2Fcomments&post=12631"}],"version-history":[{"count":0,"href":"https:\/\/ilheusnews.com.br\/index.php?rest_route=\/wp\/v2\/posts\/12631\/revisions"}],"wp:attachment":[{"href":"https:\/\/ilheusnews.com.br\/index.php?rest_route=%2Fwp%2Fv2%2Fmedia&parent=12631"}],"wp:term":[{"taxonomy":"category","embeddable":true,"href":"https:\/\/ilheusnews.com.br\/index.php?rest_route=%2Fwp%2Fv2%2Fcategories&post=12631"},{"taxonomy":"post_tag","embeddable":true,"href":"https:\/\/ilheusnews.com.br\/index.php?rest_route=%2Fwp%2Fv2%2Ftags&post=12631"}],"curies":[{"name":"wp","href":"https:\/\/api.w.org\/{rel}","templated":true}]}}