{"id":12630,"date":"2026-07-23T06:00:52","date_gmt":"2026-07-23T09:00:52","guid":{"rendered":"https:\/\/ilheusnews.com.br\/?p=12630"},"modified":"2026-07-23T06:00:52","modified_gmt":"2026-07-23T09:00:52","slug":"conselheiros-determinam-suspensao-de-slogan-de-carater-partidario-em-eunapolis","status":"publish","type":"post","link":"https:\/\/ilheusnews.com.br\/?p=12630","title":{"rendered":"Conselheiros determinam suspens\u00e3o de slogan de car\u00e1ter partid\u00e1rio em Eun\u00e1polis"},"content":{"rendered":"<div>Os conselheiros da 1\u00aa C\u00e2mara de Julgamentos do Tribunal de Contas dos Munic\u00edpios da Bahia, na sess\u00e3o desta quarta-feira (22\/07), homologaram medida cautelar concedida pelo conselheiro Nelson Pellegrino e determinaram a suspens\u00e3o imediata do uso da express\u00e3o\u00a0\u201cA For\u00e7a do Trabalho\u201d\u00a0em toda a comunica\u00e7\u00e3o institucional da Prefeitura de Eun\u00e1polis, por entenderem que o slogan \u2013 antes utilizado na campanha eleitoral \u2013 pode caracterizar promo\u00e7\u00e3o pessoal do prefeito Jos\u00e9 Rob\u00e9rio Batista de Oliveira. (Foto ilustra\u00e7\u00e3o) A decis\u00e3o foi tomada no \u00e2mbito de den\u00fancia apresentada pelo vereador Renato Oliveira Bromochenkel, que alegou a utiliza\u00e7\u00e3o, pela administra\u00e7\u00e3o municipal, do mesmo slogan que identificou a coliga\u00e7\u00e3o eleitoral do atual prefeito durante as elei\u00e7\u00f5es de 2024. Segundo a den\u00fancia, a express\u00e3o passou a integrar a identidade visual da prefeitura, sendo utilizada em redes sociais oficiais, ve\u00edculos, uniformes, documentos e demais materiais institucionais. Os conselheiros determinaram que a Prefeitura de Eun\u00e1polis suspenda imediatamente a utiliza\u00e7\u00e3o da express\u00e3o em toda a comunica\u00e7\u00e3o institucional \u2014 incluindo redes sociais oficiais, ve\u00edculos, uniformes, materiais gr\u00e1ficos, digitais e impressos. Isto para impedir que as a\u00e7\u00f5es da prefeitura, programas, obras, servi\u00e7os e campanhas possam ser utilizadas para enaltecer a pessoa do prefeito. Tamb\u00e9m foi determinada a absten\u00e7\u00e3o de novas publica\u00e7\u00f5es com esse conte\u00fado at\u00e9 o julgamento definitivo da den\u00fancia. (Ascom\/TCM)<\/div>\n","protected":false},"excerpt":{"rendered":"<p>Os conselheiros da 1\u00aa C\u00e2mara de Julgamentos do Tribunal de Contas dos Munic\u00edpios da Bahia, na sess\u00e3o desta quarta-feira (22\/07), homologaram medida cautelar concedida pelo conselheiro Nelson Pellegrino e determinaram a suspens\u00e3o imediata do uso da express\u00e3o\u00a0\u201cA For\u00e7a do Trabalho\u201d\u00a0em toda a comunica\u00e7\u00e3o institucional da Prefeitura de Eun\u00e1polis, por entenderem que o slogan \u2013 antes<\/p>\n","protected":false},"author":8,"featured_media":0,"comment_status":"closed","ping_status":"closed","sticky":false,"template":"","format":"standard","meta":{"fifu_image_url":"","fifu_image_alt":"","footnotes":""},"categories":[33],"tags":[],"class_list":["post-12630","post","type-post","status-publish","format-standard","hentry","category-noticias"],"_links":{"self":[{"href":"https:\/\/ilheusnews.com.br\/index.php?rest_route=\/wp\/v2\/posts\/12630","targetHints":{"allow":["GET"]}}],"collection":[{"href":"https:\/\/ilheusnews.com.br\/index.php?rest_route=\/wp\/v2\/posts"}],"about":[{"href":"https:\/\/ilheusnews.com.br\/index.php?rest_route=\/wp\/v2\/types\/post"}],"author":[{"embeddable":true,"href":"https:\/\/ilheusnews.com.br\/index.php?rest_route=\/wp\/v2\/users\/8"}],"replies":[{"embeddable":true,"href":"https:\/\/ilheusnews.com.br\/index.php?rest_route=%2Fwp%2Fv2%2Fcomments&post=12630"}],"version-history":[{"count":0,"href":"https:\/\/ilheusnews.com.br\/index.php?rest_route=\/wp\/v2\/posts\/12630\/revisions"}],"wp:attachment":[{"href":"https:\/\/ilheusnews.com.br\/index.php?rest_route=%2Fwp%2Fv2%2Fmedia&parent=12630"}],"wp:term":[{"taxonomy":"category","embeddable":true,"href":"https:\/\/ilheusnews.com.br\/index.php?rest_route=%2Fwp%2Fv2%2Fcategories&post=12630"},{"taxonomy":"post_tag","embeddable":true,"href":"https:\/\/ilheusnews.com.br\/index.php?rest_route=%2Fwp%2Fv2%2Ftags&post=12630"}],"curies":[{"name":"wp","href":"https:\/\/api.w.org\/{rel}","templated":true}]}}