{"id":12629,"date":"2026-07-23T06:00:50","date_gmt":"2026-07-23T09:00:50","guid":{"rendered":"https:\/\/ilheusnews.com.br\/?p=12629"},"modified":"2026-07-23T06:00:50","modified_gmt":"2026-07-23T09:00:50","slug":"emissao-do-cnpj-e-de-documentos-fiscais-por-pessoas-fisicas-contribuintes-da-cbs-comecara-em-1o-de-janeiro-de-2027","status":"publish","type":"post","link":"https:\/\/ilheusnews.com.br\/?p=12629","title":{"rendered":"Emiss\u00e3o do CNPJ e de documentos fiscais por pessoas f\u00edsicas contribuintes da CBS come\u00e7ar\u00e1 em 1\u00ba de janeiro de 2027"},"content":{"rendered":"<div>A publica\u00e7\u00e3o do\u00a0Decreto n\u00ba 13.075, de 21 de julho de 2026, formalizou a altera\u00e7\u00e3o do cronograma de implementa\u00e7\u00e3o das obriga\u00e7\u00f5es cadastrais e documentais aplic\u00e1veis \u00e0s pessoas f\u00edsicas no \u00e2mbito da Contribui\u00e7\u00e3o sobre Bens e Servi\u00e7os (CBS). O Decreto alterou dispositivos do Decreto n\u00ba 12.955, de 29 de abril de 2026, que regulamenta a CBS. (Foto ilustra\u00e7\u00e3o) Com a mudan\u00e7a, a obrigatoriedade de inscri\u00e7\u00e3o no Cadastro Nacional da Pessoa Jur\u00eddica (CNPJ) e a obrigatoriedade de emiss\u00e3o dos documentos fiscais previstos na regulamenta\u00e7\u00e3o da CBS passar\u00e3o a produzir efeitos somente a partir de\u00a01\u00ba de janeiro de 2027\u00a0para: \u2013 a pessoa f\u00edsica na condi\u00e7\u00e3o de contribuinte ou de respons\u00e1vel tribut\u00e1rio; e \u2013 o produtor rural pessoa f\u00edsica de que trata o art. 239 da regulamenta\u00e7\u00e3o da CBS. A altera\u00e7\u00e3o confere maior prazo para adapta\u00e7\u00e3o dos contribuintes, das administra\u00e7\u00f5es tribut\u00e1rias e dos desenvolvedores de sistemas \u00e0s novas exig\u00eancias decorrentes da Reforma Tribut\u00e1ria sobre o consumo. At\u00e9 31 de dezembro de 2026, permanecem v\u00e1lidos os mecanismos atualmente utilizados para identifica\u00e7\u00e3o fiscal das pessoas f\u00edsicas nas hip\u00f3teses abrangidas pela regulamenta\u00e7\u00e3o da CBS, conforme j\u00e1 havia sido informado pela Receita Federal e pelo Comit\u00ea Gestor do IBS em comunicado conjunto divulgado em junho deste ano. A prorroga\u00e7\u00e3o tamb\u00e9m est\u00e1 alinhada ao desenvolvimento de solu\u00e7\u00e3o simplificada para inscri\u00e7\u00e3o de pessoas f\u00edsicas no CNPJ, em modelo semelhante ao atualmente adotado para o Microempreendedor Individual (MEI), bem como \u00e0 disponibiliza\u00e7\u00e3o gradual de orienta\u00e7\u00f5es operacionais, ambientes de testes e manuais t\u00e9cnicos destinados \u00e0 adapta\u00e7\u00e3o dos contribuintes e dos emissores de documentos fiscais eletr\u00f4nicos. O Decreto n\u00ba 13.075 entrou em vigor na data de sua publica\u00e7\u00e3o, em 21 de julho de 2026. Norma de refer\u00eancia:\u00a0Decreto n\u00ba 13.075, de 21 de julho de 2026, publicado no Di\u00e1rio Oficial da Uni\u00e3o de 22 de julho de 2026. Link para consulta do ato:\u00a0DECRETO N\u00ba 13.075, DE 21 DE JULHO DE 2026 \u2013 DECRETO N\u00ba 13.075, DE 21 DE JULHO DE 2026 \u2013 DOU \u2013 Imprensa Nacional (Ascom\/Receita Federal)<\/div>\n","protected":false},"excerpt":{"rendered":"<p>A publica\u00e7\u00e3o do\u00a0Decreto n\u00ba 13.075, de 21 de julho de 2026, formalizou a altera\u00e7\u00e3o do cronograma de implementa\u00e7\u00e3o das obriga\u00e7\u00f5es cadastrais e documentais aplic\u00e1veis \u00e0s pessoas f\u00edsicas no \u00e2mbito da Contribui\u00e7\u00e3o sobre Bens e Servi\u00e7os (CBS). O Decreto alterou dispositivos do Decreto n\u00ba 12.955, de 29 de abril de 2026, que regulamenta a CBS. (Foto<\/p>\n","protected":false},"author":8,"featured_media":0,"comment_status":"closed","ping_status":"closed","sticky":false,"template":"","format":"standard","meta":{"fifu_image_url":"","fifu_image_alt":"","footnotes":""},"categories":[33],"tags":[],"class_list":["post-12629","post","type-post","status-publish","format-standard","hentry","category-noticias"],"_links":{"self":[{"href":"https:\/\/ilheusnews.com.br\/index.php?rest_route=\/wp\/v2\/posts\/12629","targetHints":{"allow":["GET"]}}],"collection":[{"href":"https:\/\/ilheusnews.com.br\/index.php?rest_route=\/wp\/v2\/posts"}],"about":[{"href":"https:\/\/ilheusnews.com.br\/index.php?rest_route=\/wp\/v2\/types\/post"}],"author":[{"embeddable":true,"href":"https:\/\/ilheusnews.com.br\/index.php?rest_route=\/wp\/v2\/users\/8"}],"replies":[{"embeddable":true,"href":"https:\/\/ilheusnews.com.br\/index.php?rest_route=%2Fwp%2Fv2%2Fcomments&post=12629"}],"version-history":[{"count":0,"href":"https:\/\/ilheusnews.com.br\/index.php?rest_route=\/wp\/v2\/posts\/12629\/revisions"}],"wp:attachment":[{"href":"https:\/\/ilheusnews.com.br\/index.php?rest_route=%2Fwp%2Fv2%2Fmedia&parent=12629"}],"wp:term":[{"taxonomy":"category","embeddable":true,"href":"https:\/\/ilheusnews.com.br\/index.php?rest_route=%2Fwp%2Fv2%2Fcategories&post=12629"},{"taxonomy":"post_tag","embeddable":true,"href":"https:\/\/ilheusnews.com.br\/index.php?rest_route=%2Fwp%2Fv2%2Ftags&post=12629"}],"curies":[{"name":"wp","href":"https:\/\/api.w.org\/{rel}","templated":true}]}}