{"id":12402,"date":"2026-07-20T12:01:10","date_gmt":"2026-07-20T15:01:10","guid":{"rendered":"https:\/\/ilheusnews.com.br\/?p=12402"},"modified":"2026-07-20T12:01:10","modified_gmt":"2026-07-20T15:01:10","slug":"antigo-centro-de-convencoes-de-salvador-vai-a-leilao-nesta-segunda-20","status":"publish","type":"post","link":"https:\/\/ilheusnews.com.br\/?p=12402","title":{"rendered":"Antigo Centro de Conven\u00e7\u00f5es de Salvador vai a leil\u00e3o nesta segunda (20)"},"content":{"rendered":"<div>O leil\u00e3o de venda do antigo\u00a0Centro de Conven\u00e7\u00f5es\u00a0ser\u00e1 realizado nesta segunda-feira (20), \u00e0s 10h. O equipamento est\u00e1 localizado no bairro de Jardim Arma\u00e7\u00e3o, em Salvador. O leil\u00e3o ser\u00e1 realizado de forma h\u00edbrida, com participa\u00e7\u00e3o presencial e online. Para o novo certame, o valor \u00e9 total da venda \u00e9 de R$ 138,4 milh\u00f5es. (Foto ilustra\u00e7\u00e3o) O certame \u00e9 conduzido pela\u00a0Secretaria da Administra\u00e7\u00e3o do Estado da Bahia (Saeb). A sess\u00e3o presencial acontecer\u00e1 no\u00a0Espa\u00e7o Crescer, na sede da\u00a0Secretaria do Trabalho, Emprego, Renda e Esporte (Setre), no\u00a0Centro Administrativo da Bahia (CAB). Os interessados tamb\u00e9m poder\u00e3o fazer lances pela internet, por meio da plataforma oficial do leil\u00e3o. Lance m\u00ednimo foi reduzido A nova tentativa ocorre ap\u00f3s o primeiro leil\u00e3o, realizado em mar\u00e7o, terminar sem a apresenta\u00e7\u00e3o de propostas. Na ocasi\u00e3o, o im\u00f3vel tinha lance m\u00ednimo de R$ 141,3 milh\u00f5es. A \u00e1rea colocada \u00e0 venda tamb\u00e9m foi alterada e passou a ter 116,7 mil metros quadrados, sem incluir a \u00c1rea de Preserva\u00e7\u00e3o Permanente (APP). O im\u00f3vel ser\u00e1 arrematado pelo participante que apresentar o maior lance, desde que a oferta seja igual ou superior ao valor m\u00ednimo estabelecido no edital. Condi\u00e7\u00f5es para o comprador O vencedor poder\u00e1 optar pelo pagamento \u00e0 vista ou pelo parcelamento do valor em at\u00e9 dez parcelas mensais, com uma entrada correspondente a 5% do valor da arremata\u00e7\u00e3o. Tamb\u00e9m ser\u00e1 cobrada uma comiss\u00e3o de 1,5% para o leiloeiro oficial. O novo edital ampliou o prazo para o comprador realizar o desmonte da antiga estrutura e a limpeza da \u00e1rea. O prazo total passou a ser de 16 meses. \u00c1rea est\u00e1 sem uso desde 2016 O antigo Centro de Conven\u00e7\u00f5es da Bahia est\u00e1 desativado desde setembro de 2016, quando parte da estrutura desabou ap\u00f3s anos de problemas estruturais e falta de manuten\u00e7\u00e3o. O acidente deixou tr\u00eas pessoas feridas e levou ao fechamento definitivo do equipamento. Desde ent\u00e3o, o espa\u00e7o permanece sem utiliza\u00e7\u00e3o. O local tamb\u00e9m j\u00e1 foi alvo de inc\u00eandio e enfrenta problemas relacionados \u00e0 entrada frequente de pessoas na \u00e1rea para a retirada de materiais remanescentes da antiga estrutura. A venda do im\u00f3vel foi autorizada pela Lei Estadual n\u00ba 14.386\/2021. O valor do terreno foi definido com base em avalia\u00e7\u00e3o t\u00e9cnica realizada pela Caixa Econ\u00f4mica Federal. (bahia.ba)<\/div>\n","protected":false},"excerpt":{"rendered":"<p>O leil\u00e3o de venda do antigo\u00a0Centro de Conven\u00e7\u00f5es\u00a0ser\u00e1 realizado nesta segunda-feira (20), \u00e0s 10h. O equipamento est\u00e1 localizado no bairro de Jardim Arma\u00e7\u00e3o, em Salvador. O leil\u00e3o ser\u00e1 realizado de forma h\u00edbrida, com participa\u00e7\u00e3o presencial e online. Para o novo certame, o valor \u00e9 total da venda \u00e9 de R$ 138,4 milh\u00f5es. (Foto ilustra\u00e7\u00e3o) O<\/p>\n","protected":false},"author":8,"featured_media":0,"comment_status":"closed","ping_status":"closed","sticky":false,"template":"","format":"standard","meta":{"fifu_image_url":"","fifu_image_alt":"","footnotes":""},"categories":[33],"tags":[],"class_list":["post-12402","post","type-post","status-publish","format-standard","hentry","category-noticias"],"_links":{"self":[{"href":"https:\/\/ilheusnews.com.br\/index.php?rest_route=\/wp\/v2\/posts\/12402","targetHints":{"allow":["GET"]}}],"collection":[{"href":"https:\/\/ilheusnews.com.br\/index.php?rest_route=\/wp\/v2\/posts"}],"about":[{"href":"https:\/\/ilheusnews.com.br\/index.php?rest_route=\/wp\/v2\/types\/post"}],"author":[{"embeddable":true,"href":"https:\/\/ilheusnews.com.br\/index.php?rest_route=\/wp\/v2\/users\/8"}],"replies":[{"embeddable":true,"href":"https:\/\/ilheusnews.com.br\/index.php?rest_route=%2Fwp%2Fv2%2Fcomments&post=12402"}],"version-history":[{"count":0,"href":"https:\/\/ilheusnews.com.br\/index.php?rest_route=\/wp\/v2\/posts\/12402\/revisions"}],"wp:attachment":[{"href":"https:\/\/ilheusnews.com.br\/index.php?rest_route=%2Fwp%2Fv2%2Fmedia&parent=12402"}],"wp:term":[{"taxonomy":"category","embeddable":true,"href":"https:\/\/ilheusnews.com.br\/index.php?rest_route=%2Fwp%2Fv2%2Fcategories&post=12402"},{"taxonomy":"post_tag","embeddable":true,"href":"https:\/\/ilheusnews.com.br\/index.php?rest_route=%2Fwp%2Fv2%2Ftags&post=12402"}],"curies":[{"name":"wp","href":"https:\/\/api.w.org\/{rel}","templated":true}]}}