{"id":12401,"date":"2026-07-20T12:01:08","date_gmt":"2026-07-20T15:01:08","guid":{"rendered":"https:\/\/ilheusnews.com.br\/?p=12401"},"modified":"2026-07-20T12:01:08","modified_gmt":"2026-07-20T15:01:08","slug":"congresso-nao-julga-contas-de-presidente-da-republica-desde-fhc","status":"publish","type":"post","link":"https:\/\/ilheusnews.com.br\/?p=12401","title":{"rendered":"Congresso n\u00e3o julga contas de presidente da Rep\u00fablica desde FHC"},"content":{"rendered":"<div>A \u00faltima vez que o Congresso Nacional deu seu parecer final acerca das contas do presidente da Rep\u00fablica foi em rela\u00e7\u00e3o ao ano de 2002, quando foram reprovadas as do ent\u00e3o mandat\u00e1rio Fernando Henrique Cardoso. Desde ent\u00e3o, essa an\u00e1lise consta como pendente no sistema do Legislativo. (Foto ilustra\u00e7\u00e3o) O julgamento das contas do presidente da Rep\u00fablica \u00e9 atribui\u00e7\u00e3o anual do Congresso Nacional prevista na Constitui\u00e7\u00e3o. Ap\u00f3s o parecer pr\u00e9vio do TCU (Tribunal de Contas da Uni\u00e3o), a CMO (Comiss\u00e3o Mista de Planos, Or\u00e7amentos P\u00fablicos e Fiscaliza\u00e7\u00e3o) deve emitir sua an\u00e1lise, com a apresenta\u00e7\u00e3o de projeto de decreto legislativo pela aprova\u00e7\u00e3o, aprova\u00e7\u00e3o com ressalvas ou rejei\u00e7\u00e3o das contas. Depois do parecer da CMO, o projeto de decreto legislativo \u00e9 ent\u00e3o encaminhado \u00e0 Mesa do Congresso Nacional para que seja submetido \u00e0 delibera\u00e7\u00e3o dos congressistas. As contas de 2025, por exemplo, foram aprovadas pelo TCU em junho e aguardam despacho da comiss\u00e3o. Veja a situa\u00e7\u00e3o: \u2013 2003 \u2013 Lula: aguarda aprecia\u00e7\u00e3o pelo Senado Federal; \u2013 2004 \u2013 Lula: aguarda aprecia\u00e7\u00e3o pelo Senado Federal; \u2013 2005 \u2013 Lula: aguarda aprecia\u00e7\u00e3o pelo Senado Federal; \u2013 2006 \u2013 Lula: aguarda aprecia\u00e7\u00e3o pelo Senado Federal; \u2013 2007 \u2013 Lula: aguarda aprecia\u00e7\u00e3o pelo Senado Federal; \u2013 2008 \u2013 Lula: aguarda aprecia\u00e7\u00e3o pelo Senado Federal; \u2013 2009 \u2013 Lula: aguarda despacho da presid\u00eancia do Congresso; \u2013 2010 \u2013 Lula: aguarda despacho da presid\u00eancia do Congresso; \u2013 2011 \u2013 Dilma: aguarda despacho da presid\u00eancia do Congresso; \u2013 2012 \u2013 Dilma: aguarda despacho da presid\u00eancia do Congresso; \u2013 2013 \u2013 Dilma: aguarda despacho da presid\u00eancia do Congresso; \u2013 2014 \u2013 Dilma: aguarda despacho da presid\u00eancia do Congresso; \u2013 2015 \u2013 Dilma: aguarda despacho da presid\u00eancia do Congresso; \u2013 2016 \u2013 Dilma\/Temer: aguarda despacho da presid\u00eancia do Congresso; \u2013 2017 \u2013 Temer: aguarda despacho da presid\u00eancia do Congresso; \u2013 2018 \u2013 Temer: aguarda despacho da presid\u00eancia do Congresso; \u2013 2019 \u2013 Bolsonaro: aguarda despacho da presid\u00eancia do Congresso; \u2013 2020 \u2013 Bolsonaro: aguarda despacho da presid\u00eancia do Congresso; \u2013 2021 \u2013 Bolsonaro: aguarda despacho da presid\u00eancia do Congresso; \u2013 2022 \u2013 Bolsonaro: aguarda parecer da CMO; \u2013 2023 \u2013 Lula: aguarda parecer da CMO; \u2013 2024 \u2013 Lula: aguarda parecer da CMO; \u2013 2025 \u2013 Lula: TCU envia relat\u00f3rio ao Congresso. Em nota, o Senado Federal informou que, embora o artigo 116 da Resolu\u00e7\u00e3o n\u00ba 1, de 2006-CN estabele\u00e7a o calend\u00e1rio para a aprecia\u00e7\u00e3o das contas do presidente da Rep\u00fablica, a tramita\u00e7\u00e3o da mat\u00e9ria, na pr\u00e1tica, depende do agendamento do Congresso Nacional. A\u00a0CNN Brasil\u00a0procurou a C\u00e2mara dos Deputados e aguarda posicionamento. O espa\u00e7o segue aberto. (CNN)<\/div>\n","protected":false},"excerpt":{"rendered":"<p>A \u00faltima vez que o Congresso Nacional deu seu parecer final acerca das contas do presidente da Rep\u00fablica foi em rela\u00e7\u00e3o ao ano de 2002, quando foram reprovadas as do ent\u00e3o mandat\u00e1rio Fernando Henrique Cardoso. Desde ent\u00e3o, essa an\u00e1lise consta como pendente no sistema do Legislativo. (Foto ilustra\u00e7\u00e3o) O julgamento das contas do presidente da<\/p>\n","protected":false},"author":8,"featured_media":0,"comment_status":"closed","ping_status":"closed","sticky":false,"template":"","format":"standard","meta":{"fifu_image_url":"","fifu_image_alt":"","footnotes":""},"categories":[33],"tags":[],"class_list":["post-12401","post","type-post","status-publish","format-standard","hentry","category-noticias"],"_links":{"self":[{"href":"https:\/\/ilheusnews.com.br\/index.php?rest_route=\/wp\/v2\/posts\/12401","targetHints":{"allow":["GET"]}}],"collection":[{"href":"https:\/\/ilheusnews.com.br\/index.php?rest_route=\/wp\/v2\/posts"}],"about":[{"href":"https:\/\/ilheusnews.com.br\/index.php?rest_route=\/wp\/v2\/types\/post"}],"author":[{"embeddable":true,"href":"https:\/\/ilheusnews.com.br\/index.php?rest_route=\/wp\/v2\/users\/8"}],"replies":[{"embeddable":true,"href":"https:\/\/ilheusnews.com.br\/index.php?rest_route=%2Fwp%2Fv2%2Fcomments&post=12401"}],"version-history":[{"count":0,"href":"https:\/\/ilheusnews.com.br\/index.php?rest_route=\/wp\/v2\/posts\/12401\/revisions"}],"wp:attachment":[{"href":"https:\/\/ilheusnews.com.br\/index.php?rest_route=%2Fwp%2Fv2%2Fmedia&parent=12401"}],"wp:term":[{"taxonomy":"category","embeddable":true,"href":"https:\/\/ilheusnews.com.br\/index.php?rest_route=%2Fwp%2Fv2%2Fcategories&post=12401"},{"taxonomy":"post_tag","embeddable":true,"href":"https:\/\/ilheusnews.com.br\/index.php?rest_route=%2Fwp%2Fv2%2Ftags&post=12401"}],"curies":[{"name":"wp","href":"https:\/\/api.w.org\/{rel}","templated":true}]}}