{"id":12390,"date":"2026-07-20T06:01:18","date_gmt":"2026-07-20T09:01:18","guid":{"rendered":"https:\/\/ilheusnews.com.br\/?p=12390"},"modified":"2026-07-20T06:01:18","modified_gmt":"2026-07-20T09:01:18","slug":"ans-discute-novo-reajuste-em-planos-de-saude-de-ate-20","status":"publish","type":"post","link":"https:\/\/ilheusnews.com.br\/?p=12390","title":{"rendered":"ANS discute novo reajuste em planos de sa\u00fade de at\u00e9 20%"},"content":{"rendered":"<div>A Ag\u00eancia Nacional de Sa\u00fade Suplementar (ANS) estuda a cria\u00e7\u00e3o de um novo reajuste nos planos de sa\u00fade individuais, que pode encarecer em at\u00e9 20% os contratos para os consumidores. (Foto ilustra\u00e7\u00e3o) O aumento do pre\u00e7o tem potencial de alcan\u00e7ar 7,7 milh\u00f5es de pessoas que possuem esse tipo de plano de sa\u00fade.\u00a0 A Diretoria Colegiada da ANS pode incluir o tema na pauta ainda neste m\u00eas. Uma minuta que trata da cria\u00e7\u00e3o da\u00a0\u201crevis\u00e3o t\u00e9cnica\u201d\u00a0j\u00e1 foi elaborada pelo \u00f3rg\u00e3o e prev\u00ea \u201ccorre\u00e7\u00e3o de desequil\u00edbrios constatados nos planos privados\u201d. O nome t\u00e9cnico, na pr\u00e1tica, significar\u00e1 aumento no custo repassado \u00e0s pessoas que pagam planos de sa\u00fade individuais \u2013 na maioria, idosos e consumidores hipossuficientes que n\u00e3o t\u00eam acesso a planos coletivos empresariais. A \u201crevis\u00e3o t\u00e9cnica\u201d representar\u00e1 mais um reajuste autorizado para o setor, que j\u00e1 tem o aumento anual e o reajuste por faixa et\u00e1ria. A cria\u00e7\u00e3o do novo reajuste dos planos de sa\u00fade individuais j\u00e1 foi parar na Justi\u00e7a Federal, que determinou a suspens\u00e3o da consulta da ANS sobre quatro temas, incluindo a revis\u00e3o t\u00e9cnica. O juiz Diego C\u00e2mara, da 17\u00aa Vara Federal C\u00edvel do Distrito Federal, atendeu ao pedido da Associa\u00e7\u00e3o Brasileira de Planos de Sa\u00fade (Abramge), que re\u00fane 140 operadoras com cobertura de 17 milh\u00f5es de pessoas. A entidade apontou prazo \u201cdemasiadamente ex\u00edguo para o debate\u201d do assunto complexo e falta de transpar\u00eancia. (Isadora Teixeira)<\/div>\n","protected":false},"excerpt":{"rendered":"<p>A Ag\u00eancia Nacional de Sa\u00fade Suplementar (ANS) estuda a cria\u00e7\u00e3o de um novo reajuste nos planos de sa\u00fade individuais, que pode encarecer em at\u00e9 20% os contratos para os consumidores. (Foto ilustra\u00e7\u00e3o) O aumento do pre\u00e7o tem potencial de alcan\u00e7ar 7,7 milh\u00f5es de pessoas que possuem esse tipo de plano de sa\u00fade.\u00a0 A Diretoria Colegiada<\/p>\n","protected":false},"author":8,"featured_media":0,"comment_status":"closed","ping_status":"closed","sticky":false,"template":"","format":"standard","meta":{"fifu_image_url":"","fifu_image_alt":"","footnotes":""},"categories":[33],"tags":[],"class_list":["post-12390","post","type-post","status-publish","format-standard","hentry","category-noticias"],"_links":{"self":[{"href":"https:\/\/ilheusnews.com.br\/index.php?rest_route=\/wp\/v2\/posts\/12390","targetHints":{"allow":["GET"]}}],"collection":[{"href":"https:\/\/ilheusnews.com.br\/index.php?rest_route=\/wp\/v2\/posts"}],"about":[{"href":"https:\/\/ilheusnews.com.br\/index.php?rest_route=\/wp\/v2\/types\/post"}],"author":[{"embeddable":true,"href":"https:\/\/ilheusnews.com.br\/index.php?rest_route=\/wp\/v2\/users\/8"}],"replies":[{"embeddable":true,"href":"https:\/\/ilheusnews.com.br\/index.php?rest_route=%2Fwp%2Fv2%2Fcomments&post=12390"}],"version-history":[{"count":0,"href":"https:\/\/ilheusnews.com.br\/index.php?rest_route=\/wp\/v2\/posts\/12390\/revisions"}],"wp:attachment":[{"href":"https:\/\/ilheusnews.com.br\/index.php?rest_route=%2Fwp%2Fv2%2Fmedia&parent=12390"}],"wp:term":[{"taxonomy":"category","embeddable":true,"href":"https:\/\/ilheusnews.com.br\/index.php?rest_route=%2Fwp%2Fv2%2Fcategories&post=12390"},{"taxonomy":"post_tag","embeddable":true,"href":"https:\/\/ilheusnews.com.br\/index.php?rest_route=%2Fwp%2Fv2%2Ftags&post=12390"}],"curies":[{"name":"wp","href":"https:\/\/api.w.org\/{rel}","templated":true}]}}