{"id":12183,"date":"2026-07-17T12:00:50","date_gmt":"2026-07-17T15:00:50","guid":{"rendered":"https:\/\/ilheusnews.com.br\/?p=12183"},"modified":"2026-07-17T12:00:50","modified_gmt":"2026-07-17T15:00:50","slug":"programa-pro-cultura-esporte-2026-tem-resultado-final-da-habilitacao-de-projetos-publicado-no-diario-oficial","status":"publish","type":"post","link":"https:\/\/ilheusnews.com.br\/?p=12183","title":{"rendered":"Programa Pr\u00f3-Cultura\/Esporte 2026 tem resultado final da habilita\u00e7\u00e3o de projetos publicado no Di\u00e1rio Oficial"},"content":{"rendered":"<div>A Prefeitura de Feira de Santana, por meio da Secretaria Municipal de Cultura, Esporte e Lazer (Secel), publicou no Di\u00e1rio Oficial desta quinta-feira (16) o resultado final da habilita\u00e7\u00e3o dos projetos inscritos no Programa Pr\u00f3-Cultura\/Esporte 2026. A publica\u00e7\u00e3o oficializa a Resolu\u00e7\u00e3o n\u00ba 10, datada de 15 de julho de 2026, que apresenta a rela\u00e7\u00e3o definitiva dos projetos culturais e esportivos habilitados ap\u00f3s a an\u00e1lise das dilig\u00eancias referentes ao resultado preliminar. (Foto ilustra\u00e7\u00e3o) A divulga\u00e7\u00e3o marca mais uma etapa do Programa Pr\u00f3-Cultura\/Esporte 2026, iniciativa voltada ao fortalecimento das pol\u00edticas p\u00fablicas de incentivo \u00e0 cultura e ao esporte em Feira de Santana. O processo contempla projetos desenvolvidos por artistas, produtores culturais, atletas, entidades e demais agentes dos segmentos cultural e esportivo. De acordo com a Resolu\u00e7\u00e3o, o Conselho Gestor do Programa analisou as dilig\u00eancias apresentadas pelos proponentes ap\u00f3s a divulga\u00e7\u00e3o do resultado preliminar, publicada no Di\u00e1rio Oficial em 2 de julho de 2026, concluindo o processo de habilita\u00e7\u00e3o dos projetos. O secret\u00e1rio municipal de Cultura, Esporte e Lazer e presidente do Conselho Gestor do Programa Pr\u00f3-Cultura\/Esporte, Cristiano L\u00f4bo, ressaltou a import\u00e2ncia da conclus\u00e3o desta fase. \u201cEstamos avan\u00e7ando em mais uma etapa do Programa Pr\u00f3-Cultura\/Esporte com transpar\u00eancia e responsabilidade. A publica\u00e7\u00e3o do resultado final representa o compromisso da Secretaria em fortalecer as pol\u00edticas p\u00fablicas de incentivo \u00e0 cultura e ao esporte, garantindo que os habilitados possam seguir para as pr\u00f3ximas fases do programa\u201d, permitindo assim que recursos sejam csptados pelos proponentes para execu\u00e7\u00e3o de importantes projetos, afirmou. Os interessados podem consultar a lista completa dos projetos habilitados nos anexos da Resolu\u00e7\u00e3o n\u00ba 10, dispon\u00edveis na edi\u00e7\u00e3o do Di\u00e1rio Oficial do Munic\u00edpio publicada nesta quinta-feira (16), com a rela\u00e7\u00e3o dos projetos dos segmentos Cultural e Esportivo. ANEXO I \u2013 Segmento CulturalA NEXO II \u2013 Segmento Esportivo (Secom)<\/div>\n","protected":false},"excerpt":{"rendered":"<p>A Prefeitura de Feira de Santana, por meio da Secretaria Municipal de Cultura, Esporte e Lazer (Secel), publicou no Di\u00e1rio Oficial desta quinta-feira (16) o resultado final da habilita\u00e7\u00e3o dos projetos inscritos no Programa Pr\u00f3-Cultura\/Esporte 2026. A publica\u00e7\u00e3o oficializa a Resolu\u00e7\u00e3o n\u00ba 10, datada de 15 de julho de 2026, que apresenta a rela\u00e7\u00e3o definitiva<\/p>\n","protected":false},"author":8,"featured_media":0,"comment_status":"closed","ping_status":"closed","sticky":false,"template":"","format":"standard","meta":{"fifu_image_url":"","fifu_image_alt":"","footnotes":""},"categories":[33],"tags":[],"class_list":["post-12183","post","type-post","status-publish","format-standard","hentry","category-noticias"],"_links":{"self":[{"href":"https:\/\/ilheusnews.com.br\/index.php?rest_route=\/wp\/v2\/posts\/12183","targetHints":{"allow":["GET"]}}],"collection":[{"href":"https:\/\/ilheusnews.com.br\/index.php?rest_route=\/wp\/v2\/posts"}],"about":[{"href":"https:\/\/ilheusnews.com.br\/index.php?rest_route=\/wp\/v2\/types\/post"}],"author":[{"embeddable":true,"href":"https:\/\/ilheusnews.com.br\/index.php?rest_route=\/wp\/v2\/users\/8"}],"replies":[{"embeddable":true,"href":"https:\/\/ilheusnews.com.br\/index.php?rest_route=%2Fwp%2Fv2%2Fcomments&post=12183"}],"version-history":[{"count":0,"href":"https:\/\/ilheusnews.com.br\/index.php?rest_route=\/wp\/v2\/posts\/12183\/revisions"}],"wp:attachment":[{"href":"https:\/\/ilheusnews.com.br\/index.php?rest_route=%2Fwp%2Fv2%2Fmedia&parent=12183"}],"wp:term":[{"taxonomy":"category","embeddable":true,"href":"https:\/\/ilheusnews.com.br\/index.php?rest_route=%2Fwp%2Fv2%2Fcategories&post=12183"},{"taxonomy":"post_tag","embeddable":true,"href":"https:\/\/ilheusnews.com.br\/index.php?rest_route=%2Fwp%2Fv2%2Ftags&post=12183"}],"curies":[{"name":"wp","href":"https:\/\/api.w.org\/{rel}","templated":true}]}}