{"id":12154,"date":"2026-07-17T00:00:43","date_gmt":"2026-07-17T03:00:43","guid":{"rendered":"https:\/\/ilheusnews.com.br\/?p=12154"},"modified":"2026-07-17T00:00:43","modified_gmt":"2026-07-17T03:00:43","slug":"tombo-da-ibm-confira-bastidores-do-pior-dia-da-historia-da-empresa","status":"publish","type":"post","link":"https:\/\/ilheusnews.com.br\/?p=12154","title":{"rendered":"Tombo da IBM: confira bastidores do pior dia da hist\u00f3ria da empresa"},"content":{"rendered":"<div>\n<p>Na ter\u00e7a-feira (14), a <a href=\"https:\/\/olhardigital.com.br\/tag\/ibm\/\" target=\"_blank\" rel=\"noreferrer noopener\">IBM<\/a> <a href=\"https:\/\/olhardigital.com.br\/2026\/07\/14\/pro\/ibm-tem-maior-tombo-nas-acoes-em-quase-seis-decadas\/\" target=\"_blank\" rel=\"noreferrer noopener\">viveu o pior dia de sua hist\u00f3ria<\/a> ap\u00f3s divulgar um raro alerta antecipando resultados abaixo do esperado para o segundo trimestre. As a\u00e7\u00f5es da companhia despencaram 25%, refletindo a preocupa\u00e7\u00e3o dos investidores com os impactos da r\u00e1pida transforma\u00e7\u00e3o provocada pela intelig\u00eancia artificial (IA) sobre os neg\u00f3cios da empresa centen\u00e1ria.<\/p>\n<p>Pessoas familiarizadas com as discuss\u00f5es internas informaram ao <em><a href=\"https:\/\/www.wsj.com\/tech\/the-inside-story-of-ibms-shocking-profit-warning-839ef4f2\" target=\"_blank\" rel=\"noreferrer noopener\">The Wall Street Journal<\/a><\/em> que a divulga\u00e7\u00e3o do alerta foi resultado de um intenso debate no conselho de administra\u00e7\u00e3o.<\/p>\n<p>Diante do desempenho considerado decepcionante, os conselheiros precisaram decidir entre antecipar as m\u00e1s not\u00edcias ao mercado ou aguardar a divulga\u00e7\u00e3o oficial dos resultados, prevista para uma semana depois, quando os executivos poderiam explicar os n\u00fameros aos investidores.<\/p>\n<p>Ap\u00f3s questionamentos ao CEO, Arvind Krishna, o conselho optou por divulgar antecipadamente os resultados na tentativa de refor\u00e7ar a credibilidade da companhia por meio da transpar\u00eancia. \u201cNeste trimestre trope\u00e7amos\u201d, escreveu Krishna em uma carta enviada aos investidores e publicada poucas horas antes da abertura dos mercados na ter\u00e7a.<\/p>\n<h2 class=\"wp-block-heading\" id=\"h-ia-muda-o-cenario-para-a-ibm\">IA muda o cen\u00e1rio para a IBM<\/h2>\n<ul>\n<li>A IBM, conhecida por sua longa trajet\u00f3ria no setor de tecnologia \u2014 incluindo contribui\u00e7\u00f5es para a miss\u00e3o que levou seres humanos \u00e0 Lua, para o sistema de Previd\u00eancia Social dos Estados Unidos e pelo desenvolvimento do supercomputador que venceu competidores no programa \u201cJeopardy!\u201d \u2014 enfrenta agora os efeitos da revolu\u00e7\u00e3o da IA;<\/li>\n<li>Embora a empresa ajude seus clientes a implementar solu\u00e7\u00f5es baseadas em IA, ela pr\u00f3pria foi surpreendida pela velocidade com que a tecnologia passou a alterar os investimentos corporativos;<\/li>\n<li>A situa\u00e7\u00e3o desencadeou especula\u00e7\u00f5es em Wall Street sobre a possibilidade de a IBM ser desmembrada ou se tornar alvo de um investidor ativista;<\/li>\n<li>Ainda n\u00e3o est\u00e1 claro qual ser\u00e1 o n\u00edvel de orienta\u00e7\u00e3o que a empresa conseguir\u00e1 fornecer ao mercado quando divulgar seus resultados completos na pr\u00f3xima semana.<\/li>\n<\/ul>\n<p>Krishna, que ingressou na IBM como engenheiro de software em 1990 e ocupa o cargo de CEO desde 2020, prometeu detalhar o cen\u00e1rio durante uma teleconfer\u00eancia marcada para a pr\u00f3xima quarta-feira (22). \u201cTemos convic\u00e7\u00e3o na for\u00e7a do nosso portf\u00f3lio e na transforma\u00e7\u00e3o estrat\u00e9gica do nosso neg\u00f3cio\u201d, escreveu.<\/p>\n<p>Para Don Bilson, chefe de pesquisa da Gordon Haskett, o CEO precisa reagir rapidamente. \u201cEle precisa resolver isso rapidamente, porque a \u00faltima coisa que qualquer CEO de 63 anos pode se dar ao luxo \u00e9 ser estigmatizado como um executor irregular respons\u00e1vel por vendas hist\u00f3ricas de a\u00e7\u00f5es\u201d, afirmou em nota enviada a clientes.<\/p>\n<h2 class=\"wp-block-heading\" id=\"h-mudanca-nos-investimentos-corporativos-afeta-a-empresa\">Mudan\u00e7a nos investimentos corporativos afeta a empresa<\/h2>\n<p>Nos \u00faltimos meses, empresas de software, como Salesforce, Workday e Snowflake, sofreram com o receio de que ferramentas de IA desenvolvidas por companhias, como Anthropic e OpenAI, reduzissem a demanda por seus produtos. No caso da IBM, entretanto, o problema \u00e9 diferente.<\/p>\n<p>O alerta divulgado pela empresa mostra que os investimentos das empresas em infraestrutura de IA, incluindo mem\u00f3ria e solu\u00e7\u00f5es relacionadas \u00e0 seguran\u00e7a cibern\u00e9tica, est\u00e3o deslocando recursos antes destinados \u00e0 aquisi\u00e7\u00e3o de hardware tradicional.<\/p>\n<p>Segundo Daniel Morgan, gestor de portf\u00f3lio e analista da Synovus Trust, muitos clientes passaram a tratar produtos da IBM como gastos que podem ser adiados. \u201cVoc\u00ea pode ver alguns dizendo: \u2018Ei, vamos adiar isso por alguns trimestres\u2026 n\u00e3o precisamos atualizar para o novo mainframe agora&#8217;\u201d, afirmou Morgan. \u201cIsso est\u00e1 prejudicando eles.\u201d<\/p>\n<p>Ao contr\u00e1rio de empresas, como Nvidia, Google e Oracle, que alugam capacidade computacional, comercializam chips ou fornecem infraestrutura de rede para IA, a IBM vende sistemas de hardware e software instalados fisicamente nas empresas clientes. Entre seus principais compradores est\u00e3o grandes institui\u00e7\u00f5es financeiras e redes varejistas.<\/p>\n<h2 class=\"wp-block-heading\" id=\"h-dependencia-de-grandes-clientes-preocupa-direcao\">Depend\u00eancia de grandes clientes preocupa dire\u00e7\u00e3o<\/h2>\n<p>Entre os temas discutidos pela lideran\u00e7a da companhia est\u00e1 a possibilidade de a IBM ter se tornado excessivamente dependente de grandes clientes corporativos.<\/p>\n<p>Segundo pessoas pr\u00f3ximas \u00e0s discuss\u00f5es, os executivos avaliam que esse modelo torna a empresa vulner\u00e1vel a ciclos de atualiza\u00e7\u00e3o irregulares e ao adiamento de grandes contratos em per\u00edodos de incerteza econ\u00f4mica.<\/p>\n<p>Uma das alternativas em an\u00e1lise \u00e9 ampliar a presen\u00e7a entre empresas de m\u00e9dio porte, diversificando a base de clientes. No entanto, a dire\u00e7\u00e3o reconhece que essa estrat\u00e9gia exigir\u00e1 tempo para produzir resultados.<\/p>\n<p>O conselho tamb\u00e9m acompanhar\u00e1 de perto a atua\u00e7\u00e3o da equipe liderada por Krishna, considerada um importante teste para sua gest\u00e3o. Alguns conselheiros demonstram preocupa\u00e7\u00e3o de que a empresa adote uma postura excessivamente conservadora, o que poderia comprometer seu crescimento. Um novo encontro do conselho est\u00e1 previsto para o fim de julho.<\/p>\n<\/p>\n<p><strong>Leia mais:<\/strong><\/p>\n<ul>\n<li><a href=\"https:\/\/olhardigital.com.br\/2026\/05\/28\/pro\/ibm-vai-investir-us-10-bilhoes-em-computador-quantico-ate-2029\/\" target=\"_blank\" rel=\"noreferrer noopener\">IBM vai investir US$ 10 bilh\u00f5es em computador qu\u00e2ntico at\u00e9 2029<\/a><\/li>\n<li><a href=\"https:\/\/olhardigital.com.br\/2026\/06\/25\/pro\/ibm-anuncia-primeiro-chip-com-arquitetura-abaixo-de-1-nanometro\/\" target=\"_blank\" rel=\"noreferrer noopener\">IBM anuncia primeiro chip com arquitetura abaixo de 1 nan\u00f4metro<\/a><\/li>\n<li><a href=\"https:\/\/olhardigital.com.br\/2026\/06\/25\/videos\/entrevista-ibm-lanca-chip-que-redefine-o-futuro-da-computacao\/\" target=\"_blank\" rel=\"noreferrer noopener\">Entrevista: IBM lan\u00e7a chip que redefine o futuro da computa\u00e7\u00e3o<\/a><\/li>\n<\/ul>\n<h2 class=\"wp-block-heading\" id=\"h-mercado-debate-futuro-da-companhia\">Mercado debate futuro da companhia<\/h2>\n<p>A rea\u00e7\u00e3o negativa dos investidores foi considerada exagerada por Debanjan Saha, ex-funcion\u00e1rio da IBM e atual CEO da DataRobot. Em uma publica\u00e7\u00e3o no LinkedIn, ele elogiou a transpar\u00eancia de Krishna. \u201cA puni\u00e7\u00e3o n\u00e3o corresponde ao crime\u201d, escreveu.<\/p>\n<p>Segundo Saha, a forte queda das a\u00e7\u00f5es representa uma discuss\u00e3o mais ampla sobre o futuro da empresa. Esta venda n\u00e3o foi sobre um trimestre. Foi o mercado reavaliando uma quest\u00e3o: pode uma empresa corporativa de 115 anos liderar a era dos agentes de IA, ou apenas sobreviver a ela?\u201d<\/p>\n<h2 class=\"wp-block-heading\" id=\"h-a-estrategia-da-era-krishna\">A estrat\u00e9gia da era Krishna<\/h2>\n<p>Arvind Krishna assumiu o comando da IBM em 2020, sucedendo Ginni Rometty, ap\u00f3s atuar como vice-presidente s\u00eanior da divis\u00e3o de software de nuvem e computa\u00e7\u00e3o cognitiva. Sua nomea\u00e7\u00e3o sinalizou uma mudan\u00e7a estrat\u00e9gica para ampliar a atua\u00e7\u00e3o da empresa em software e computa\u00e7\u00e3o em nuvem.<\/p>\n<p>Entre os principais movimentos da gest\u00e3o est\u00e1 a aquisi\u00e7\u00e3o da Red Hat por US$ 34 bilh\u00f5es (R$ 173,9 bilh\u00f5es). Krishna participou da integra\u00e7\u00e3o da companhia, que se tornou um dos principais motores de crescimento da IBM.<\/p>\n<p>No ano passado, a divis\u00e3o de software respondeu por cerca de US$ 30 bilh\u00f5es (R$ 153,4 bilh\u00f5es) dos US$ 67,5 bilh\u00f5es (R$ 345,3 bilh\u00f5es) de receita da empresa.<\/p>\n<p>A IBM tamb\u00e9m refor\u00e7ou seus investimentos em nuvem h\u00edbrida e computa\u00e7\u00e3o qu\u00e2ntica, desmembrou o neg\u00f3cio de terceiriza\u00e7\u00e3o de TI da Kyndryl para simplificar sua estrutura e adquiriu a empresa de software em nuvem HashiCorp.<\/p>\n<p>No ano passado, Krishna afirmou a pessoas pr\u00f3ximas que acreditava que a IA substituiria cerca de metade das atividades realizadas em muitos fluxos de trabalho, aumentando a produtividade e permitindo a realoca\u00e7\u00e3o de profissionais.<\/p>\n<p>Desde ent\u00e3o, a IBM eliminou milhares de postos de trabalho entre seus cerca de 260 mil funcion\u00e1rios e implementou programas de requalifica\u00e7\u00e3o para parte da equipe.<\/p>\n<h2 class=\"wp-block-heading\" id=\"h-queda-das-acoes-amplia-riscos\">Queda das a\u00e7\u00f5es amplia riscos<\/h2>\n<p>Nos \u00faltimos meses, a IBM tamb\u00e9m enfrentou outros acontecimentos relevantes. Em abril, fechou um acordo in\u00e9dito com o governo federal dos Estados Unidos e pagou mais de US$ 17 milh\u00f5es (R$ 86,9 milh\u00f5es) relacionados \u00e0s suas pr\u00e1ticas de diversidade.<\/p>\n<p>No m\u00eas seguinte, suas a\u00e7\u00f5es foram impulsionadas ap\u00f3s o governo Trump anunciar US$ 1 bilh\u00e3o (R$ 5,1 bilh\u00f5es) em subs\u00eddios para fortalecer a computa\u00e7\u00e3o qu\u00e2ntica. A empresa informou que investir\u00e1 outros US$ 1 bilh\u00e3o de recursos pr\u00f3prios para construir uma f\u00e1brica especializada em chips qu\u00e2nticos.<\/p>\n<p>Mesmo assim, a forte queda registrada nesta semana reduziu o valor de mercado da companhia para menos de US$ 200 bilh\u00f5es (R$ 1 trilh\u00e3o), muito abaixo de empresas, como Broadcom, avaliada em cerca de US$ 1,8 trilh\u00e3o (R$ 9,2 trilh\u00f5es), e AMD, com aproximadamente US$ 800 bilh\u00f5es (R$ 4 trilh\u00f5es).<\/p>\n<p>Segundo pessoas pr\u00f3ximas \u00e0 empresa, a IBM e seus assessores reconhecem que a desvaloriza\u00e7\u00e3o pode aumentar o risco de surgimento de investidores ativistas ou intensificar press\u00f5es para um eventual desmembramento da companhia.<\/p>\n<h2 class=\"wp-block-heading\" id=\"h-alerta-rompe-tradicao-da-ibm\">Alerta rompe tradi\u00e7\u00e3o da IBM<\/h2>\n<p>A decis\u00e3o de antecipar ao mercado um alerta sobre resultados fracos representa uma mudan\u00e7a significativa na postura hist\u00f3rica da IBM.<\/p>\n<p>Durante d\u00e9cadas, a empresa cultivou a imagem de uma companhia de desempenho est\u00e1vel e previs\u00edvel, ainda que sem grandes taxas de crescimento. Tradicionalmente, seus CEOs sequer participavam das teleconfer\u00eancias de divulga\u00e7\u00e3o de resultados, deixando essa fun\u00e7\u00e3o sob responsabilidade dos executivos financeiros.<\/p>\n<p>Os membros do conselho reconhecem que os pr\u00f3ximos meses dever\u00e3o ser marcados por turbul\u00eancias e sabem que Wall Street dificilmente aceitar\u00e1 mais dois ou tr\u00eas trimestres consecutivos de desempenho abaixo das expectativas.<\/p>\n<p>Na quarta-feira (15), durante entrevista \u00e0 <em>CNBC<\/em>, Gary Cohn, vice-presidente da IBM desde 2021, afirmou que a mudan\u00e7a no padr\u00e3o de gastos das empresas com tecnologia pode ser tempor\u00e1ria.<\/p>\n<p>Segundo ele, muitos or\u00e7amentos de tecnologia elaborados meses atr\u00e1s foram alterados pelos elevados investimentos em infraestrutura de computa\u00e7\u00e3o para IA, mas as empresas come\u00e7am agora a avaliar o retorno obtido com esses investimentos.<\/p>\n<p>Ao ser questionado sobre a decis\u00e3o de divulgar antecipadamente o alerta, Cohn destacou a postura do CEO. \u201cArvind tomou a iniciativa de dizer: \u2018Olha, quero ser transparente com o mundo. N\u00e3o quero surpreend\u00ea-los.&#8217;\u201d<\/p>\n<p>O post <a href=\"https:\/\/olhardigital.com.br\/2026\/07\/16\/pro\/tombo-da-ibm-confira-bastidores-do-pior-dia-da-historia-da-empresa\/\">Tombo da IBM: confira bastidores do pior dia da hist\u00f3ria da empresa<\/a> apareceu primeiro em <a href=\"https:\/\/olhardigital.com.br\/\">Olhar Digital<\/a>.<\/p>\n<\/div>\n","protected":false},"excerpt":{"rendered":"<p>Na ter\u00e7a-feira (14), a IBM viveu o pior dia de sua hist\u00f3ria ap\u00f3s divulgar um raro alerta antecipando resultados abaixo do esperado para o segundo trimestre. As a\u00e7\u00f5es da companhia despencaram 25%, refletindo a preocupa\u00e7\u00e3o dos investidores com os impactos da r\u00e1pida transforma\u00e7\u00e3o provocada pela intelig\u00eancia artificial (IA) sobre os neg\u00f3cios da empresa centen\u00e1ria. Pessoas<\/p>\n","protected":false},"author":6,"featured_media":0,"comment_status":"closed","ping_status":"closed","sticky":false,"template":"","format":"standard","meta":{"fifu_image_url":"","fifu_image_alt":"","footnotes":""},"categories":[33],"tags":[],"class_list":["post-12154","post","type-post","status-publish","format-standard","hentry","category-noticias"],"_links":{"self":[{"href":"https:\/\/ilheusnews.com.br\/index.php?rest_route=\/wp\/v2\/posts\/12154","targetHints":{"allow":["GET"]}}],"collection":[{"href":"https:\/\/ilheusnews.com.br\/index.php?rest_route=\/wp\/v2\/posts"}],"about":[{"href":"https:\/\/ilheusnews.com.br\/index.php?rest_route=\/wp\/v2\/types\/post"}],"author":[{"embeddable":true,"href":"https:\/\/ilheusnews.com.br\/index.php?rest_route=\/wp\/v2\/users\/6"}],"replies":[{"embeddable":true,"href":"https:\/\/ilheusnews.com.br\/index.php?rest_route=%2Fwp%2Fv2%2Fcomments&post=12154"}],"version-history":[{"count":0,"href":"https:\/\/ilheusnews.com.br\/index.php?rest_route=\/wp\/v2\/posts\/12154\/revisions"}],"wp:attachment":[{"href":"https:\/\/ilheusnews.com.br\/index.php?rest_route=%2Fwp%2Fv2%2Fmedia&parent=12154"}],"wp:term":[{"taxonomy":"category","embeddable":true,"href":"https:\/\/ilheusnews.com.br\/index.php?rest_route=%2Fwp%2Fv2%2Fcategories&post=12154"},{"taxonomy":"post_tag","embeddable":true,"href":"https:\/\/ilheusnews.com.br\/index.php?rest_route=%2Fwp%2Fv2%2Ftags&post=12154"}],"curies":[{"name":"wp","href":"https:\/\/api.w.org\/{rel}","templated":true}]}}