{"id":12153,"date":"2026-07-17T00:00:43","date_gmt":"2026-07-17T03:00:43","guid":{"rendered":"https:\/\/ilheusnews.com.br\/?p=12153"},"modified":"2026-07-17T00:00:43","modified_gmt":"2026-07-17T03:00:43","slug":"seu-direito-digital-ia-pode-decidir-quem-sera-demitido","status":"publish","type":"post","link":"https:\/\/ilheusnews.com.br\/?p=12153","title":{"rendered":"Seu Direito Digital: IA pode decidir quem ser\u00e1 demitido?"},"content":{"rendered":"<div>\n<p>Quinta-feira \u00e9 dia da coluna\u00a0<a href=\"https:\/\/olhardigital.com.br\/tag\/seu-direito-digital\/\" target=\"_blank\" rel=\"noreferrer noopener\"><strong>Seu Direito Digital<\/strong><\/a>\u00a0no\u00a0<strong>Olhar Digital News<\/strong>. O consultor de privacidade e seguran\u00e7a\u00a0Leandro Alvarenga\u00a0repercute os principais assuntos jur\u00eddicos no setor de tecnologia e\u00a0tira\u00a0as d\u00favidas dos nossos leitores.\u00a0<\/p>\n<h2 class=\"wp-block-heading\" id=\"h-qual-e-o-limite-da-inteligencia-artificial-em-empreas\">Qual \u00e9 o limite da intelig\u00eancia artificial em empreas?<\/h2>\n<p>Ex-funcion\u00e1rios da meta acusam a empresa de usar um sistema de IA para escolher quais trabalhadores seriam desligados em mais uma onda de demiss\u00f5es da empresa. At\u00e9 onde sistemas automatizados podem participar de decis\u00f5es que afetam funcion\u00e1rios?<\/p>\n<\/p>\n<p>O post <a href=\"https:\/\/olhardigital.com.br\/2026\/07\/16\/pro\/seu-direito-digital-ia-pode-decidir-quem-sera-demitido\/\">Seu Direito Digital: IA pode decidir quem ser\u00e1 demitido?<\/a> apareceu primeiro em <a href=\"https:\/\/olhardigital.com.br\/\">Olhar Digital<\/a>.<\/p>\n<\/div>\n","protected":false},"excerpt":{"rendered":"<p>Quinta-feira \u00e9 dia da coluna\u00a0Seu Direito Digital\u00a0no\u00a0Olhar Digital News. O consultor de privacidade e seguran\u00e7a\u00a0Leandro Alvarenga\u00a0repercute os principais assuntos jur\u00eddicos no setor de tecnologia e\u00a0tira\u00a0as d\u00favidas dos nossos leitores.\u00a0 Qual \u00e9 o limite da intelig\u00eancia artificial em empreas? Ex-funcion\u00e1rios da meta acusam a empresa de usar um sistema de IA para escolher quais trabalhadores seriam<\/p>\n","protected":false},"author":6,"featured_media":0,"comment_status":"closed","ping_status":"closed","sticky":false,"template":"","format":"standard","meta":{"fifu_image_url":"","fifu_image_alt":"","footnotes":""},"categories":[33],"tags":[],"class_list":["post-12153","post","type-post","status-publish","format-standard","hentry","category-noticias"],"_links":{"self":[{"href":"https:\/\/ilheusnews.com.br\/index.php?rest_route=\/wp\/v2\/posts\/12153","targetHints":{"allow":["GET"]}}],"collection":[{"href":"https:\/\/ilheusnews.com.br\/index.php?rest_route=\/wp\/v2\/posts"}],"about":[{"href":"https:\/\/ilheusnews.com.br\/index.php?rest_route=\/wp\/v2\/types\/post"}],"author":[{"embeddable":true,"href":"https:\/\/ilheusnews.com.br\/index.php?rest_route=\/wp\/v2\/users\/6"}],"replies":[{"embeddable":true,"href":"https:\/\/ilheusnews.com.br\/index.php?rest_route=%2Fwp%2Fv2%2Fcomments&post=12153"}],"version-history":[{"count":0,"href":"https:\/\/ilheusnews.com.br\/index.php?rest_route=\/wp\/v2\/posts\/12153\/revisions"}],"wp:attachment":[{"href":"https:\/\/ilheusnews.com.br\/index.php?rest_route=%2Fwp%2Fv2%2Fmedia&parent=12153"}],"wp:term":[{"taxonomy":"category","embeddable":true,"href":"https:\/\/ilheusnews.com.br\/index.php?rest_route=%2Fwp%2Fv2%2Fcategories&post=12153"},{"taxonomy":"post_tag","embeddable":true,"href":"https:\/\/ilheusnews.com.br\/index.php?rest_route=%2Fwp%2Fv2%2Ftags&post=12153"}],"curies":[{"name":"wp","href":"https:\/\/api.w.org\/{rel}","templated":true}]}}