{"id":11960,"date":"2026-07-14T18:06:48","date_gmt":"2026-07-14T21:06:48","guid":{"rendered":"https:\/\/ilheusnews.com.br\/?p=11960"},"modified":"2026-07-14T18:06:48","modified_gmt":"2026-07-14T21:06:48","slug":"russia-envia-dois-cosmonautas-e-astronauta-da-nasa-para-a-estacao-espacial-internacional","status":"publish","type":"post","link":"https:\/\/ilheusnews.com.br\/?p=11960","title":{"rendered":"R\u00fassia envia dois cosmonautas e astronauta da NASA para a Esta\u00e7\u00e3o Espacial Internacional"},"content":{"rendered":"<div>\n<p>A <a href=\"https:\/\/olhardigital.com.br\/tag\/russia\/\" target=\"_blank\" rel=\"noreferrer noopener\">R\u00fassia<\/a> lan\u00e7ou nesta ter\u00e7a-feira (14), a partir do Cosm\u00f3dromo de Baikonur, no Cazaquist\u00e3o, uma miss\u00e3o tripulada com destino \u00e0 Esta\u00e7\u00e3o Espacial Internacional (<a href=\"https:\/\/olhardigital.com.br\/tag\/iss\/\" target=\"_blank\" rel=\"noreferrer noopener\">ISS<\/a>, na sigla em ingl\u00eas). A bordo da nave russa Soyuz MS-29 est\u00e3o o astronauta da NASA Anil Menon e os cosmonautas russos Pyotr Dubrov e Anna Kikina, que integrar\u00e3o a 75\u00aa tripula\u00e7\u00e3o de rota\u00e7\u00e3o da esta\u00e7\u00e3o.<\/p>\n<p>A miss\u00e3o marca a retomada dos voos tripulados a partir de uma plataforma de lan\u00e7amento recentemente reparada, ap\u00f3s ter permanecido meses fora de opera\u00e7\u00e3o. O lan\u00e7amento tamb\u00e9m foi acompanhado pelos chefes da <a href=\"https:\/\/olhardigital.com.br\/tag\/nasa\/\" target=\"_blank\" rel=\"noreferrer noopener\">NASA<\/a> e da ag\u00eancia espacial russa <a href=\"https:\/\/olhardigital.com.br\/tag\/roscosmos\/\" target=\"_blank\" rel=\"noreferrer noopener\">Roscosmos<\/a>, em uma rara apari\u00e7\u00e3o conjunta.<\/p>\n<p>Pouco mais de dez minutos ap\u00f3s a decolagem, a Soyuz MS-29 entrou em \u00f3rbita, iniciando uma viagem de aproximadamente tr\u00eas horas at\u00e9 a ISS, onde dever\u00e1 realizar a acoplagem. A previs\u00e3o \u00e9 que a tripula\u00e7\u00e3o permane\u00e7a cerca de oito meses a bordo do laborat\u00f3rio orbital.<\/p>\n<p><strong>Leia mais:<\/strong><\/p>\n<ul>\n<li><a href=\"https:\/\/olhardigital.com.br\/2023\/01\/23\/dicas-e-tutoriais\/como-e-a-estacao-espacial-internacional-por-dentro\/\" target=\"_blank\" rel=\"noreferrer noopener\">Como \u00e9 a Esta\u00e7\u00e3o Espacial Internacional por dentro?<\/a><\/li>\n<li><a href=\"https:\/\/olhardigital.com.br\/2023\/01\/18\/dicas-e-tutoriais\/qual-a-funcao-da-estacao-espacial-internacional\/\" target=\"_blank\" rel=\"noreferrer noopener\">Qual a fun\u00e7\u00e3o da Esta\u00e7\u00e3o Espacial Internacional?<\/a><\/li>\n<li><a href=\"https:\/\/olhardigital.com.br\/2024\/03\/27\/ciencia-e-espaco\/dono-da-amazon-quer-ter-sua-propria-estacao-espacial-e-esta-mais-perto-disso\/\" target=\"_blank\" rel=\"noreferrer noopener\">Dono da Amazon quer ter sua pr\u00f3pria esta\u00e7\u00e3o espacial (e est\u00e1 mais perto disso)<\/a><\/li>\n<\/ul>\n<div class=\"wp-block-image\">\n<figure class=\"aligncenter size-large\"><figcaption class=\"wp-element-caption\">ISS est\u00e1 pronta para receber seus novos \u201ch\u00f3spedes\u201d \u2013 Imagem: NASA<\/figcaption><\/figure>\n<\/div>\n<h2 class=\"wp-block-heading\" id=\"h-chefes-da-nasa-e-da-roscosmos-acompanharam-o-lancamento\">Chefes da NASA e da Roscosmos acompanharam o lan\u00e7amento<\/h2>\n<p>O administrador da NASA, Jared Isaacman, viajou at\u00e9 Baikonur para acompanhar o lan\u00e7amento e se reunir com o diretor-geral da Roscosmos, Dmitry Bakanov. Segundo as informa\u00e7\u00f5es divulgadas, esta foi a primeira visita de um chefe da ag\u00eancia espacial estadunidense \u00e0 plataforma de lan\u00e7amento russa desde 2018.<\/p>\n<p>Nos \u00faltimos anos, as tens\u00f5es provocadas pela guerra entre R\u00fassia e Ucr\u00e2nia impediram, em grande parte, que Bill Nelson, ent\u00e3o administrador da NASA durante o governo do ex-presidente dos Estados Unidos Joe Biden, participasse desse tipo de encontro.<\/p>\n<h2 class=\"wp-block-heading\" id=\"h-primeiro-voo-espacial-de-anil-menon\">Primeiro voo espacial de Anil Menon<\/h2>\n<ul>\n<li>A miss\u00e3o Expedi\u00e7\u00e3o 75 representa o primeiro voo espacial de Anil Menon, astronauta da NASA de 49 anos;<\/li>\n<li>Menon e Isaacman t\u00eam uma liga\u00e7\u00e3o: em 2024, o administrador da NASA participou, como astronauta privado bilion\u00e1rio, da miss\u00e3o espacial Polaris Dawn, realizada em uma c\u00e1psula da SpaceX;<\/li>\n<li>Na ocasi\u00e3o, Isaacman viajou ao lado da engenheira da SpaceX Anna Menon, esposa de Anil Menon, al\u00e9m de outras duas pessoas, em uma miss\u00e3o privada que incluiu uma caminhada espacial e foi financiada pelo pr\u00f3prio Isaacman;<\/li>\n<li>A miss\u00e3o tamb\u00e9m representa a retomada dos voos tripulados a partir da Plataforma 31 do Cosm\u00f3dromo de Baikonur.<\/li>\n<\/ul>\n<p>Na \u00faltima ocasi\u00e3o em que uma tripula\u00e7\u00e3o foi lan\u00e7ada desse local, o foguete causou danos significativos \u00e0 hist\u00f3rica plataforma de lan\u00e7amento, deixando temporariamente fora de servi\u00e7o o \u00fanico complexo russo capaz de realizar lan\u00e7amentos tripulados. A recupera\u00e7\u00e3o da estrutura exigiu meses de trabalhos de reparo.<\/p>\n<p>As opera\u00e7\u00f5es na plataforma foram retomadas em mar\u00e7o deste ano, inicialmente com o lan\u00e7amento de uma miss\u00e3o de carga n\u00e3o tripulada destinada \u00e0 ISS. Agora, com a decolagem da Soyuz MS-29, os voos tripulados tamb\u00e9m voltam a ser realizados a partir da instala\u00e7\u00e3o.<\/p>\n<p>O post <a href=\"https:\/\/olhardigital.com.br\/2026\/07\/14\/ciencia-e-espaco\/russia-envia-dois-cosmonautas-e-astronauta-da-nasa-para-a-estacao-espacial-internacional\/\">R\u00fassia envia dois cosmonautas e astronauta da NASA para a Esta\u00e7\u00e3o Espacial Internacional<\/a> apareceu primeiro em <a href=\"https:\/\/olhardigital.com.br\/\">Olhar Digital<\/a>.<\/p>\n<\/div>\n","protected":false},"excerpt":{"rendered":"<p>A R\u00fassia lan\u00e7ou nesta ter\u00e7a-feira (14), a partir do Cosm\u00f3dromo de Baikonur, no Cazaquist\u00e3o, uma miss\u00e3o tripulada com destino \u00e0 Esta\u00e7\u00e3o Espacial Internacional (ISS, na sigla em ingl\u00eas). A bordo da nave russa Soyuz MS-29 est\u00e3o o astronauta da NASA Anil Menon e os cosmonautas russos Pyotr Dubrov e Anna Kikina, que integrar\u00e3o a 75\u00aa<\/p>\n","protected":false},"author":6,"featured_media":11961,"comment_status":"closed","ping_status":"closed","sticky":false,"template":"","format":"standard","meta":{"fifu_image_url":"https:\/\/olhardigital.com.br\/wp-content\/uploads\/2026\/06\/foto-da-ISS-sobre-o-oceano-1024x576.jpg","fifu_image_alt":"R\u00fassia envia dois cosmonautas e astronauta da NASA para a Esta\u00e7\u00e3o Espacial Internacional","footnotes":""},"categories":[33],"tags":[],"class_list":["post-11960","post","type-post","status-publish","format-standard","has-post-thumbnail","hentry","category-noticias"],"_links":{"self":[{"href":"https:\/\/ilheusnews.com.br\/index.php?rest_route=\/wp\/v2\/posts\/11960","targetHints":{"allow":["GET"]}}],"collection":[{"href":"https:\/\/ilheusnews.com.br\/index.php?rest_route=\/wp\/v2\/posts"}],"about":[{"href":"https:\/\/ilheusnews.com.br\/index.php?rest_route=\/wp\/v2\/types\/post"}],"author":[{"embeddable":true,"href":"https:\/\/ilheusnews.com.br\/index.php?rest_route=\/wp\/v2\/users\/6"}],"replies":[{"embeddable":true,"href":"https:\/\/ilheusnews.com.br\/index.php?rest_route=%2Fwp%2Fv2%2Fcomments&post=11960"}],"version-history":[{"count":0,"href":"https:\/\/ilheusnews.com.br\/index.php?rest_route=\/wp\/v2\/posts\/11960\/revisions"}],"wp:featuredmedia":[{"embeddable":true,"href":"https:\/\/ilheusnews.com.br\/index.php?rest_route=\/wp\/v2\/media\/11961"}],"wp:attachment":[{"href":"https:\/\/ilheusnews.com.br\/index.php?rest_route=%2Fwp%2Fv2%2Fmedia&parent=11960"}],"wp:term":[{"taxonomy":"category","embeddable":true,"href":"https:\/\/ilheusnews.com.br\/index.php?rest_route=%2Fwp%2Fv2%2Fcategories&post=11960"},{"taxonomy":"post_tag","embeddable":true,"href":"https:\/\/ilheusnews.com.br\/index.php?rest_route=%2Fwp%2Fv2%2Ftags&post=11960"}],"curies":[{"name":"wp","href":"https:\/\/api.w.org\/{rel}","templated":true}]}}