{"id":11953,"date":"2026-07-14T18:06:45","date_gmt":"2026-07-14T21:06:45","guid":{"rendered":"https:\/\/ilheusnews.com.br\/?p=11953"},"modified":"2026-07-14T18:06:45","modified_gmt":"2026-07-14T21:06:45","slug":"projeto-proibe-acesso-a-armas-de-fogo-para-quem-responde-por-medida-protetiva-de-urgencia","status":"publish","type":"post","link":"https:\/\/ilheusnews.com.br\/?p=11953","title":{"rendered":"Projeto pro\u00edbe acesso a armas de fogo para quem responde por medida protetiva de urg\u00eancia"},"content":{"rendered":"<div>O Projeto de Lei 269\/26 pro\u00edbe o registro, a posse e a comercializa\u00e7\u00e3o de armas de fogo para pessoas que respondem por medidas protetivas de urg\u00eancia. O objetivo \u00e9 refor\u00e7ar a prote\u00e7\u00e3o de mulheres v\u00edtimas de viol\u00eancia dom\u00e9stica e familiar. (Foto ilustra\u00e7\u00e3o) O texto, em an\u00e1lise na C\u00e2mara dos Deputados, exige a apresenta\u00e7\u00e3o de certid\u00e3o que ateste a inexist\u00eancia de medidas protetivas de urg\u00eancia. Tamb\u00e9m determina que a pessoa interessada comprove que n\u00e3o responde a inqu\u00e9rito policial ou processo criminal. Pela proposta, esses documentos poder\u00e3o ser apresentados por meio eletr\u00f4nico. As regras ser\u00e3o inclu\u00eddas no Estatuto do Desarmamento e no Decreto 11.615\/23, que regulamenta o controle de armas. Segundo a autora da proposta, deputada S\u00e2mia Bomfim (Psol-SP), \u201cas medidas buscam evitar que indiv\u00edduos com hist\u00f3rico de viol\u00eancia dom\u00e9stica, ainda que sem condena\u00e7\u00e3o definitiva, tenham acesso legal a armas, prevenindo desfechos letais\u201d. Pr\u00f3ximos passosO projeto ser\u00e1 analisado, em car\u00e1ter conclusivo, pelas comiss\u00f5es de Seguran\u00e7a P\u00fablica e Combate ao Crime Organizado; de Defesa dos Direitos da Mulher; e de Constitui\u00e7\u00e3o e Justi\u00e7a e de Cidadania. Para virar lei, o texto ter\u00e1 de ser aprovado pela C\u00e2mara e pelo Senado. (Ag\u00eancia C\u00e2mara)<\/div>\n","protected":false},"excerpt":{"rendered":"<p>O Projeto de Lei 269\/26 pro\u00edbe o registro, a posse e a comercializa\u00e7\u00e3o de armas de fogo para pessoas que respondem por medidas protetivas de urg\u00eancia. O objetivo \u00e9 refor\u00e7ar a prote\u00e7\u00e3o de mulheres v\u00edtimas de viol\u00eancia dom\u00e9stica e familiar. (Foto ilustra\u00e7\u00e3o) O texto, em an\u00e1lise na C\u00e2mara dos Deputados, exige a apresenta\u00e7\u00e3o de certid\u00e3o<\/p>\n","protected":false},"author":8,"featured_media":0,"comment_status":"closed","ping_status":"closed","sticky":false,"template":"","format":"standard","meta":{"fifu_image_url":"","fifu_image_alt":"","footnotes":""},"categories":[33],"tags":[],"class_list":["post-11953","post","type-post","status-publish","format-standard","hentry","category-noticias"],"_links":{"self":[{"href":"https:\/\/ilheusnews.com.br\/index.php?rest_route=\/wp\/v2\/posts\/11953","targetHints":{"allow":["GET"]}}],"collection":[{"href":"https:\/\/ilheusnews.com.br\/index.php?rest_route=\/wp\/v2\/posts"}],"about":[{"href":"https:\/\/ilheusnews.com.br\/index.php?rest_route=\/wp\/v2\/types\/post"}],"author":[{"embeddable":true,"href":"https:\/\/ilheusnews.com.br\/index.php?rest_route=\/wp\/v2\/users\/8"}],"replies":[{"embeddable":true,"href":"https:\/\/ilheusnews.com.br\/index.php?rest_route=%2Fwp%2Fv2%2Fcomments&post=11953"}],"version-history":[{"count":0,"href":"https:\/\/ilheusnews.com.br\/index.php?rest_route=\/wp\/v2\/posts\/11953\/revisions"}],"wp:attachment":[{"href":"https:\/\/ilheusnews.com.br\/index.php?rest_route=%2Fwp%2Fv2%2Fmedia&parent=11953"}],"wp:term":[{"taxonomy":"category","embeddable":true,"href":"https:\/\/ilheusnews.com.br\/index.php?rest_route=%2Fwp%2Fv2%2Fcategories&post=11953"},{"taxonomy":"post_tag","embeddable":true,"href":"https:\/\/ilheusnews.com.br\/index.php?rest_route=%2Fwp%2Fv2%2Ftags&post=11953"}],"curies":[{"name":"wp","href":"https:\/\/api.w.org\/{rel}","templated":true}]}}