{"id":11899,"date":"2026-07-14T06:01:37","date_gmt":"2026-07-14T09:01:37","guid":{"rendered":"https:\/\/ilheusnews.com.br\/?p=11899"},"modified":"2026-07-14T06:01:37","modified_gmt":"2026-07-14T09:01:37","slug":"formosa-do-rio-preto-agroformosa-2026-confirma-datas-e-amplia-estrutura-da-feira","status":"publish","type":"post","link":"https:\/\/ilheusnews.com.br\/?p=11899","title":{"rendered":"Formosa do Rio Preto: AgroFormosa 2026 confirma datas e amplia estrutura da feira"},"content":{"rendered":"<div>A AgroFormosa 2026 j\u00e1 tem data definida e promete consolidar ainda mais sua posi\u00e7\u00e3o entre os principais eventos do agroneg\u00f3cio brasileiro. A quarta edi\u00e7\u00e3o da feira ser\u00e1 realizada entre os dias 30 de julho e 2 de agosto, em Formosa do Rio Preto, no oeste da Bahia, reunindo produtores rurais, empres\u00e1rios, institui\u00e7\u00f5es, pesquisadores e visitantes de diversas regi\u00f5es do pa\u00eds. (Foto ilustra\u00e7\u00e3o) Reconhecida como a maior feira agropecu\u00e1ria do Matopiba \u2014 regi\u00e3o que engloba Maranh\u00e3o, Tocantins, Piau\u00ed e Bahia \u2014, a AgroFormosa chega \u00e0 edi\u00e7\u00e3o de 2026 com a expectativa de superar os R$ 129 milh\u00f5es em volume de neg\u00f3cios registrados no ano anterior, impulsionando investimentos e fortalecendo um dos setores mais importantes da economia regional. AgroFormosa 2026 amplia espa\u00e7o para neg\u00f3cios e inova\u00e7\u00e3o A organiza\u00e7\u00e3o prepara uma estrutura ainda maior para receber expositores e visitantes. O complexo da feira contar\u00e1 com 66 mil metros quadrados de \u00e1rea de exposi\u00e7\u00e3o, destinados \u00e0 apresenta\u00e7\u00e3o de m\u00e1quinas agr\u00edcolas, equipamentos, tecnologias, solu\u00e7\u00f5es para o campo e servi\u00e7os voltados ao desenvolvimento da produ\u00e7\u00e3o rural. A programa\u00e7\u00e3o tamb\u00e9m prev\u00ea palestras t\u00e9cnicas, rodadas de neg\u00f3cios, demonstra\u00e7\u00f5es de tecnologias agr\u00edcolas e espa\u00e7os voltados ao interc\u00e2mbio de conhecimento entre produtores, empresas e especialistas. Para atender o p\u00fablico esperado, o evento contar\u00e1 ainda com estacionamento de grande capacidade e infraestrutura log\u00edstica planejada para garantir conforto e seguran\u00e7a durante os quatro dias de programa\u00e7\u00e3o. Outro destaque ser\u00e1 a gera\u00e7\u00e3o de centenas de empregos diretos e indiretos durante o per\u00edodo da feira, contribuindo para o fortalecimento da economia de Formosa do Rio Preto e de munic\u00edpios vizinhos. (falabarreiras)<\/div>\n","protected":false},"excerpt":{"rendered":"<p>A AgroFormosa 2026 j\u00e1 tem data definida e promete consolidar ainda mais sua posi\u00e7\u00e3o entre os principais eventos do agroneg\u00f3cio brasileiro. A quarta edi\u00e7\u00e3o da feira ser\u00e1 realizada entre os dias 30 de julho e 2 de agosto, em Formosa do Rio Preto, no oeste da Bahia, reunindo produtores rurais, empres\u00e1rios, institui\u00e7\u00f5es, pesquisadores e visitantes<\/p>\n","protected":false},"author":8,"featured_media":0,"comment_status":"closed","ping_status":"closed","sticky":false,"template":"","format":"standard","meta":{"fifu_image_url":"","fifu_image_alt":"","footnotes":""},"categories":[33],"tags":[],"class_list":["post-11899","post","type-post","status-publish","format-standard","hentry","category-noticias"],"_links":{"self":[{"href":"https:\/\/ilheusnews.com.br\/index.php?rest_route=\/wp\/v2\/posts\/11899","targetHints":{"allow":["GET"]}}],"collection":[{"href":"https:\/\/ilheusnews.com.br\/index.php?rest_route=\/wp\/v2\/posts"}],"about":[{"href":"https:\/\/ilheusnews.com.br\/index.php?rest_route=\/wp\/v2\/types\/post"}],"author":[{"embeddable":true,"href":"https:\/\/ilheusnews.com.br\/index.php?rest_route=\/wp\/v2\/users\/8"}],"replies":[{"embeddable":true,"href":"https:\/\/ilheusnews.com.br\/index.php?rest_route=%2Fwp%2Fv2%2Fcomments&post=11899"}],"version-history":[{"count":0,"href":"https:\/\/ilheusnews.com.br\/index.php?rest_route=\/wp\/v2\/posts\/11899\/revisions"}],"wp:attachment":[{"href":"https:\/\/ilheusnews.com.br\/index.php?rest_route=%2Fwp%2Fv2%2Fmedia&parent=11899"}],"wp:term":[{"taxonomy":"category","embeddable":true,"href":"https:\/\/ilheusnews.com.br\/index.php?rest_route=%2Fwp%2Fv2%2Fcategories&post=11899"},{"taxonomy":"post_tag","embeddable":true,"href":"https:\/\/ilheusnews.com.br\/index.php?rest_route=%2Fwp%2Fv2%2Ftags&post=11899"}],"curies":[{"name":"wp","href":"https:\/\/api.w.org\/{rel}","templated":true}]}}