{"id":11840,"date":"2026-07-13T12:00:57","date_gmt":"2026-07-13T15:00:57","guid":{"rendered":"https:\/\/ilheusnews.com.br\/?p=11840"},"modified":"2026-07-13T12:00:57","modified_gmt":"2026-07-13T15:00:57","slug":"mercado-de-smartphones-sofre-maior-queda-em-13-anos","status":"publish","type":"post","link":"https:\/\/ilheusnews.com.br\/?p=11840","title":{"rendered":"Mercado de smartphones sofre maior queda em 13 anos"},"content":{"rendered":"<div>\n<p>O mercado global de <a href=\"https:\/\/olhardigital.com.br\/tag\/smartphones\/\" target=\"_blank\" rel=\"noreferrer noopener\">smartphones<\/a> teve um dos piores desempenhos recentes. A escassez de <a href=\"https:\/\/olhardigital.com.br\/tag\/chips-de-memoria\/\" target=\"_blank\" rel=\"noreferrer noopener\">chips de mem\u00f3ria<\/a> reduziu as remessas de aparelhos no segundo trimestre, que chegaram ao menor n\u00edvel para o per\u00edodo desde 2013.<\/p>\n<p>De acordo com estimativas preliminares da Counterpoint Research, divulgadas pela <a href=\"https:\/\/www.reuters.com\/business\/media-telecom\/global-smartphone-shipments-second-quarter-hit-lowest-13-years-memory-chip-2026-07-13\/\" target=\"_blank\" rel=\"noreferrer noopener\">Reuters<\/a>, as fabricantes enviaram 11% menos aparelhos no per\u00edodo analisado. O principal motivo foi a disputa por componentes com o avan\u00e7o da <a href=\"https:\/\/olhardigital.com.br\/tag\/inteligencia-artificial\/\" target=\"_blank\" rel=\"noreferrer noopener\">intelig\u00eancia artificial<\/a>.<\/p>\n<div class=\"wp-block-image\">\n<figure class=\"aligncenter size-large\"><figcaption class=\"wp-element-caption\"><em>Menos chips dispon\u00edveis significam mais press\u00e3o sobre pre\u00e7os de celulares em todo o mundo.<\/em> \u2013 Imagem: Denis Klimov 3000\/Shutterstock<\/figcaption><\/figure>\n<\/div>\n<h2 class=\"wp-block-heading\" id=\"h-ia-muda-a-disputa-por-componentes\">IA muda a disputa por componentes<\/h2>\n<p>Os fornecedores de mem\u00f3ria passaram a priorizar clientes ligados a <a href=\"https:\/\/olhardigital.com.br\/tag\/data-center\/\" target=\"_blank\" rel=\"noreferrer noopener\">data centers<\/a> de intelig\u00eancia artificial, reduzindo a disponibilidade de <a href=\"https:\/\/olhardigital.com.br\/tag\/chips\/\" target=\"_blank\" rel=\"noreferrer noopener\">chips<\/a> para empresas de eletr\u00f4nicos de consumo.<\/p>\n<p>Com menos componentes dispon\u00edveis e pre\u00e7os mais altos, fabricantes repassaram parte dos custos aos consumidores, principalmente nos modelos b\u00e1sicos e intermedi\u00e1rios. Segundo a Counterpoint, a press\u00e3o deve continuar at\u00e9 2027.<\/p>\n<p>Entre os principais reflexos est\u00e3o:<\/p>\n<ul>\n<li>aumento nos pre\u00e7os dos aparelhos;<\/li>\n<li>queda nas vendas de modelos de entrada;<\/li>\n<li>redu\u00e7\u00e3o das remessas globais;<\/li>\n<li>maior dificuldade para fabricantes que dependem de celulares mais baratos.<\/li>\n<\/ul>\n<p>A consultoria manteve a previs\u00e3o de queda de cerca de 14% nas remessas globais de smartphones neste ano.<\/p>\n<h2 class=\"wp-block-heading\" id=\"h-apple-desafia-tendencia-de-queda\">Apple desafia tend\u00eancia de queda<\/h2>\n<p>Enquanto boa parte do setor recuou, a <a href=\"https:\/\/olhardigital.com.br\/tag\/apple\/\" target=\"_blank\" rel=\"noreferrer noopener\">Apple<\/a> conseguiu avan\u00e7ar. As remessas da companhia cresceram 3% no segundo trimestre, levando a marca a uma participa\u00e7\u00e3o recorde de 20% no mercado global.<\/p>\n<p><strong>Leia mais:<\/strong><\/p>\n<ul>\n<li><a href=\"https:\/\/olhardigital.com.br\/2026\/07\/09\/pro\/meta-inicia-producao-de-chip-de-ia-proprio-em-setembro-diz-agencia\/\" target=\"_blank\" rel=\"noreferrer noopener\">Meta inicia produ\u00e7\u00e3o de chip de IA pr\u00f3prio em setembro, diz ag\u00eancia<\/a><\/li>\n<li><a href=\"https:\/\/olhardigital.com.br\/2026\/07\/09\/games-e-consoles\/ia-vai-substituir-desenvolvedores-de-games\/\" target=\"_blank\" rel=\"noreferrer noopener\">A IA vai substituir os desenvolvedores de games?<\/a><\/li>\n<li><a href=\"https:\/\/olhardigital.com.br\/2026\/07\/08\/pro\/idc-aponta-queda-na-venda-mundial-de-pcs-entenda-motivo\/\" target=\"_blank\" rel=\"noreferrer noopener\">Venda de computadores est\u00e1 caindo no mundo inteiro; saiba o motivo<\/a><\/li>\n<\/ul>\n<p>O resultado foi impulsionado pela procura por modelos premium da linha <a href=\"https:\/\/olhardigital.com.br\/tag\/iphone\/\" target=\"_blank\" rel=\"noreferrer noopener\">iPhone<\/a> e pela manuten\u00e7\u00e3o dos pre\u00e7os. Analistas, por\u00e9m, esperam poss\u00edveis reajustes nos pr\u00f3ximos meses.<\/p>\n<p>A <a href=\"https:\/\/olhardigital.com.br\/tag\/samsung\/\" target=\"_blank\" rel=\"noreferrer noopener\">Samsung<\/a> recuperou a lideran\u00e7a, com 24% de participa\u00e7\u00e3o, beneficiada pelas vendas da linha Galaxy S26, pela disponibilidade de produtos e por aumentos menores em mercados como \u00cdndia e Oriente M\u00e9dio.<\/p>\n<div class=\"wp-block-image\">\n<figure class=\"aligncenter size-full\"><img loading=\"lazy\" decoding=\"async\" width=\"1000\" height=\"704\" src=\"https:\/\/ilheusnews.com.br\/wp-content\/uploads\/2026\/07\/shutterstock_1827682220.jpg\" alt=\"Metade da popula\u00e7\u00e3o mundial possui um smartphone\" class=\"wp-image-153689\" srcset=\"https:\/\/img.odcdn.com.br\/wp-content\/uploads\/2021\/04\/shutterstock_1827682220.jpg 1000w, https:\/\/img.odcdn.com.br\/wp-content\/uploads\/2021\/04\/shutterstock_1827682220-300x211.jpg 300w, https:\/\/img.odcdn.com.br\/wp-content\/uploads\/2021\/04\/shutterstock_1827682220-768x541.jpg 768w, https:\/\/img.odcdn.com.br\/wp-content\/uploads\/2021\/04\/shutterstock_1827682220-150x106.jpg 150w\" sizes=\"auto, (max-width: 1000px) 100vw, 1000px\"><figcaption class=\"wp-element-caption\"><em>Xiaomi, Oppo e Vivo sentiram mais os efeitos da crise por dependerem de modelos b\u00e1sicos e intermedi\u00e1rios.<\/em> \u2013 Imagem: Jack Skeens\/Shutterstock<\/figcaption><\/figure>\n<\/div>\n<h2 class=\"wp-block-heading\" id=\"h-marcas-populares-sentem-mais-a-pressao\">Marcas populares sentem mais a press\u00e3o<\/h2>\n<p>Xiaomi, Oppo e Vivo registraram as maiores quedas entre as cinco principais fabricantes. A maior exposi\u00e7\u00e3o aos segmentos de entrada e intermedi\u00e1rio deixou essas empresas mais vulner\u00e1veis ao aumento dos custos.<\/p>\n<p>A an\u00e1lise da Counterpoint Research mostra que a ind\u00fastria de celulares agora disputa espa\u00e7o com uma nova demanda: a intelig\u00eancia artificial. Enquanto data centers precisam de cada vez mais mem\u00f3ria, fabricantes de smartphones tentam equilibrar pre\u00e7os e disponibilidade de componentes.<\/p>\n<p>O post <a href=\"https:\/\/olhardigital.com.br\/2026\/07\/13\/inteligencia-artificial\/mercado-de-smartphones-sofre-maior-queda-em-13-anos\/\">Mercado de smartphones sofre maior queda em 13 anos<\/a> apareceu primeiro em <a href=\"https:\/\/olhardigital.com.br\/\">Olhar Digital<\/a>.<\/p>\n<\/div>\n","protected":false},"excerpt":{"rendered":"<p>O mercado global de smartphones teve um dos piores desempenhos recentes. A escassez de chips de mem\u00f3ria reduziu as remessas de aparelhos no segundo trimestre, que chegaram ao menor n\u00edvel para o per\u00edodo desde 2013. De acordo com estimativas preliminares da Counterpoint Research, divulgadas pela Reuters, as fabricantes enviaram 11% menos aparelhos no per\u00edodo analisado.<\/p>\n","protected":false},"author":6,"featured_media":11841,"comment_status":"closed","ping_status":"closed","sticky":false,"template":"","format":"standard","meta":{"fifu_image_url":"https:\/\/olhardigital.com.br\/wp-content\/uploads\/2026\/02\/shutterstock_2598033971-1-1024x683.jpg","fifu_image_alt":"Mercado de smartphones sofre maior queda em 13 anos","footnotes":""},"categories":[33],"tags":[],"class_list":["post-11840","post","type-post","status-publish","format-standard","has-post-thumbnail","hentry","category-noticias"],"_links":{"self":[{"href":"https:\/\/ilheusnews.com.br\/index.php?rest_route=\/wp\/v2\/posts\/11840","targetHints":{"allow":["GET"]}}],"collection":[{"href":"https:\/\/ilheusnews.com.br\/index.php?rest_route=\/wp\/v2\/posts"}],"about":[{"href":"https:\/\/ilheusnews.com.br\/index.php?rest_route=\/wp\/v2\/types\/post"}],"author":[{"embeddable":true,"href":"https:\/\/ilheusnews.com.br\/index.php?rest_route=\/wp\/v2\/users\/6"}],"replies":[{"embeddable":true,"href":"https:\/\/ilheusnews.com.br\/index.php?rest_route=%2Fwp%2Fv2%2Fcomments&post=11840"}],"version-history":[{"count":0,"href":"https:\/\/ilheusnews.com.br\/index.php?rest_route=\/wp\/v2\/posts\/11840\/revisions"}],"wp:featuredmedia":[{"embeddable":true,"href":"https:\/\/ilheusnews.com.br\/index.php?rest_route=\/wp\/v2\/media\/11841"}],"wp:attachment":[{"href":"https:\/\/ilheusnews.com.br\/index.php?rest_route=%2Fwp%2Fv2%2Fmedia&parent=11840"}],"wp:term":[{"taxonomy":"category","embeddable":true,"href":"https:\/\/ilheusnews.com.br\/index.php?rest_route=%2Fwp%2Fv2%2Fcategories&post=11840"},{"taxonomy":"post_tag","embeddable":true,"href":"https:\/\/ilheusnews.com.br\/index.php?rest_route=%2Fwp%2Fv2%2Ftags&post=11840"}],"curies":[{"name":"wp","href":"https:\/\/api.w.org\/{rel}","templated":true}]}}