{"id":11805,"date":"2026-07-13T06:09:37","date_gmt":"2026-07-13T09:09:37","guid":{"rendered":"https:\/\/ilheusnews.com.br\/?p=11805"},"modified":"2026-07-13T06:09:37","modified_gmt":"2026-07-13T09:09:37","slug":"upb-celebra-avanco-na-repactuacao-com-municipios-estrategicos-para-alfabetizacao-na-idade-certa","status":"publish","type":"post","link":"https:\/\/ilheusnews.com.br\/?p=11805","title":{"rendered":"UPB celebra avan\u00e7o na repactua\u00e7\u00e3o com munic\u00edpios estrat\u00e9gicos para alfabetiza\u00e7\u00e3o na idade certa"},"content":{"rendered":"<div>O presidente da Uni\u00e3o dos Munic\u00edpios da Bahia (UPB), Wilson Cardoso, acompanhou, na sexta-feira (10), a reuni\u00e3o institucional destinada \u00e0 assinatura da Repactua\u00e7\u00e3o do Compromisso pela Alfabetiza\u00e7\u00e3o na Idade Certa, realizada na Sala de Sess\u00f5es da sede do Minist\u00e9rio P\u00fablico do Estado da Bahia (MPBA), em Salvador. O ato formalizou a assinatura do acordo firmado com 25 munic\u00edpios estrat\u00e9gicos, que concentram cerca de 40% dos estudantes dos anos iniciais do ensino fundamental no estado. (Foto ilustra\u00e7\u00e3o) A iniciativa integra o projeto MP Contra o Analfabetismo e tem como objetivo ampliar e fortalecer as pol\u00edticas p\u00fablicas voltadas \u00e0 alfabetiza\u00e7\u00e3o na idade certa. O acordo prev\u00ea a\u00e7\u00f5es como forma\u00e7\u00e3o continuada de professores, avalia\u00e7\u00e3o da aprendizagem, recomposi\u00e7\u00e3o das defasagens educacionais, busca ativa escolar e acompanhamento permanente dos resultados, al\u00e9m do fortalecimento das pol\u00edticas e dos planos municipais de educa\u00e7\u00e3o. Para o presidente da UPB, Wilson Cardoso, os avan\u00e7os obtidos pela Bahia refletem o compromisso assumido pelos gestores municipais com a educa\u00e7\u00e3o. \u201cEstamos no caminho certo. A Bahia avan\u00e7ou 19 pontos na m\u00e9dia. Teve munic\u00edpio que chegou a alfabetizar 99% das crian\u00e7as. Todos os nossos prefeitos e prefeitas est\u00e3o bem conscientes que o maior legado que eles podem deixar \u00e9 uma educa\u00e7\u00e3o de qualidade. Atrav\u00e9s da educa\u00e7\u00e3o ele consegue garantir o futuro\u201d, finaliza o presidente ao parabenizar o procurador geral Pedro Maia e os promotores envolvidos \u201cnessa caminhada\u201d e explica tamb\u00e9m que a m\u00e9dia desses munic\u00edpios aumentando melhora o \u00edndice do estado todo. \u201c O Minist\u00e9rio P\u00fablico \u00e9 uma institui\u00e7\u00e3o que se coloca hoje como parceira, que tem o papel de dialogar e alertar o gestor apontando os caminhos e apresentando o painel da educa\u00e7\u00e3o na Bahia \u201d, disse o procurador-geral de Justi\u00e7a da Bahia, Pedro Maia. (Fonte: UPB)<\/div>\n","protected":false},"excerpt":{"rendered":"<p>O presidente da Uni\u00e3o dos Munic\u00edpios da Bahia (UPB), Wilson Cardoso, acompanhou, na sexta-feira (10), a reuni\u00e3o institucional destinada \u00e0 assinatura da Repactua\u00e7\u00e3o do Compromisso pela Alfabetiza\u00e7\u00e3o na Idade Certa, realizada na Sala de Sess\u00f5es da sede do Minist\u00e9rio P\u00fablico do Estado da Bahia (MPBA), em Salvador. O ato formalizou a assinatura do acordo firmado<\/p>\n","protected":false},"author":8,"featured_media":0,"comment_status":"closed","ping_status":"closed","sticky":false,"template":"","format":"standard","meta":{"fifu_image_url":"","fifu_image_alt":"","footnotes":""},"categories":[33],"tags":[],"class_list":["post-11805","post","type-post","status-publish","format-standard","hentry","category-noticias"],"_links":{"self":[{"href":"https:\/\/ilheusnews.com.br\/index.php?rest_route=\/wp\/v2\/posts\/11805","targetHints":{"allow":["GET"]}}],"collection":[{"href":"https:\/\/ilheusnews.com.br\/index.php?rest_route=\/wp\/v2\/posts"}],"about":[{"href":"https:\/\/ilheusnews.com.br\/index.php?rest_route=\/wp\/v2\/types\/post"}],"author":[{"embeddable":true,"href":"https:\/\/ilheusnews.com.br\/index.php?rest_route=\/wp\/v2\/users\/8"}],"replies":[{"embeddable":true,"href":"https:\/\/ilheusnews.com.br\/index.php?rest_route=%2Fwp%2Fv2%2Fcomments&post=11805"}],"version-history":[{"count":0,"href":"https:\/\/ilheusnews.com.br\/index.php?rest_route=\/wp\/v2\/posts\/11805\/revisions"}],"wp:attachment":[{"href":"https:\/\/ilheusnews.com.br\/index.php?rest_route=%2Fwp%2Fv2%2Fmedia&parent=11805"}],"wp:term":[{"taxonomy":"category","embeddable":true,"href":"https:\/\/ilheusnews.com.br\/index.php?rest_route=%2Fwp%2Fv2%2Fcategories&post=11805"},{"taxonomy":"post_tag","embeddable":true,"href":"https:\/\/ilheusnews.com.br\/index.php?rest_route=%2Fwp%2Fv2%2Ftags&post=11805"}],"curies":[{"name":"wp","href":"https:\/\/api.w.org\/{rel}","templated":true}]}}