{"id":11739,"date":"2026-07-11T18:02:59","date_gmt":"2026-07-11T21:02:59","guid":{"rendered":"https:\/\/ilheusnews.com.br\/?p=11739"},"modified":"2026-07-11T18:02:59","modified_gmt":"2026-07-11T21:02:59","slug":"secretaria-de-saude-pune-ids-brasil-com-suspensao-de-licitar-por-tres-anos","status":"publish","type":"post","link":"https:\/\/ilheusnews.com.br\/?p=11739","title":{"rendered":"Secretaria de Sa\u00fade pune IDS Brasil com suspens\u00e3o de licitar por tr\u00eas anos"},"content":{"rendered":"<div>A Secretaria Municipal de Sa\u00fade de Feira de Santana aplicou a penalidade de impedimento de licitar e contratar com a administra\u00e7\u00e3o p\u00fablica municipal ao Instituto de Desenvolvimento Social do Brasil (IDS Brasil Servi\u00e7os Especializados), inscrito no CNPJ n\u00ba 06.058.917\/0001-23. A san\u00e7\u00e3o foi oficializada ap\u00f3s a conclus\u00e3o de um processo administrativo sancionador que apurou irregularidades relacionadas \u00e0 execu\u00e7\u00e3o do contrato n\u00ba 166-2025-11C. Conforme apurado pelo site Bahia na Pol\u00edtica, o IDS j\u00e1 recebeu da prefeitura de Feira de Santana o valor de R$ 20.036.946,31. O Instituto foi contratado de forma emergencial para a presta\u00e7\u00e3o de servi\u00e7os de apoio a atividades administrativas, com fornecimento de m\u00e3o de obra exclusiva, na \u00e1rea da sa\u00fade. Os dados constam no Portal da Transpar\u00eancia da prefeitura. Segundo a Secretaria, o procedimento foi conduzido por uma comiss\u00e3o institu\u00edda por portaria espec\u00edfica e transcorreu com a garantia do contradit\u00f3rio, da ampla defesa e do devido processo legal. Ao final da apura\u00e7\u00e3o, a administra\u00e7\u00e3o concluiu pela aplica\u00e7\u00e3o da penalidade prevista na Lei Federal n\u00ba 14.133\/2021 e nas cl\u00e1usulas contratuais, determinando o impedimento da institui\u00e7\u00e3o de participar de licita\u00e7\u00f5es e celebrar contratos com a administra\u00e7\u00e3o p\u00fablica direta e indireta do munic\u00edpio pelo prazo de tr\u00eas anos. A medida foi assinada pelo secret\u00e1rio municipal de Sa\u00fade, Rodrigo Matos. A decis\u00e3o refor\u00e7a o compromisso da gest\u00e3o municipal com a fiscaliza\u00e7\u00e3o da execu\u00e7\u00e3o dos contratos administrativos e com a ado\u00e7\u00e3o de medidas previstas em lei quando constatadas infra\u00e7\u00f5es que comprometam a regular presta\u00e7\u00e3o dos servi\u00e7os p\u00fablicos. (Da Reda\u00e7\u00e3o)<\/div>\n","protected":false},"excerpt":{"rendered":"<p>A Secretaria Municipal de Sa\u00fade de Feira de Santana aplicou a penalidade de impedimento de licitar e contratar com a administra\u00e7\u00e3o p\u00fablica municipal ao Instituto de Desenvolvimento Social do Brasil (IDS Brasil Servi\u00e7os Especializados), inscrito no CNPJ n\u00ba 06.058.917\/0001-23. A san\u00e7\u00e3o foi oficializada ap\u00f3s a conclus\u00e3o de um processo administrativo sancionador que apurou irregularidades relacionadas<\/p>\n","protected":false},"author":8,"featured_media":0,"comment_status":"closed","ping_status":"closed","sticky":false,"template":"","format":"standard","meta":{"fifu_image_url":"","fifu_image_alt":"","footnotes":""},"categories":[33],"tags":[],"class_list":["post-11739","post","type-post","status-publish","format-standard","hentry","category-noticias"],"_links":{"self":[{"href":"https:\/\/ilheusnews.com.br\/index.php?rest_route=\/wp\/v2\/posts\/11739","targetHints":{"allow":["GET"]}}],"collection":[{"href":"https:\/\/ilheusnews.com.br\/index.php?rest_route=\/wp\/v2\/posts"}],"about":[{"href":"https:\/\/ilheusnews.com.br\/index.php?rest_route=\/wp\/v2\/types\/post"}],"author":[{"embeddable":true,"href":"https:\/\/ilheusnews.com.br\/index.php?rest_route=\/wp\/v2\/users\/8"}],"replies":[{"embeddable":true,"href":"https:\/\/ilheusnews.com.br\/index.php?rest_route=%2Fwp%2Fv2%2Fcomments&post=11739"}],"version-history":[{"count":0,"href":"https:\/\/ilheusnews.com.br\/index.php?rest_route=\/wp\/v2\/posts\/11739\/revisions"}],"wp:attachment":[{"href":"https:\/\/ilheusnews.com.br\/index.php?rest_route=%2Fwp%2Fv2%2Fmedia&parent=11739"}],"wp:term":[{"taxonomy":"category","embeddable":true,"href":"https:\/\/ilheusnews.com.br\/index.php?rest_route=%2Fwp%2Fv2%2Fcategories&post=11739"},{"taxonomy":"post_tag","embeddable":true,"href":"https:\/\/ilheusnews.com.br\/index.php?rest_route=%2Fwp%2Fv2%2Ftags&post=11739"}],"curies":[{"name":"wp","href":"https:\/\/api.w.org\/{rel}","templated":true}]}}