{"id":11738,"date":"2026-07-11T18:02:57","date_gmt":"2026-07-11T21:02:57","guid":{"rendered":"https:\/\/ilheusnews.com.br\/?p=11738"},"modified":"2026-07-11T18:02:57","modified_gmt":"2026-07-11T21:02:57","slug":"camara-municipal-elmar-nascimento-pode-ser-cidadao-feirense","status":"publish","type":"post","link":"https:\/\/ilheusnews.com.br\/?p=11738","title":{"rendered":"C\u00e2mara Municipal: Elmar Nascimento pode ser Cidad\u00e3o Feirense"},"content":{"rendered":"<div>Tramita na C\u00e2mara Municipal de Feira de Santana Projeto de Decreto Legislativo que concede o T\u00edtulo de Cidadania Feirense ao deputado federal Elmar Nascimento (Uni\u00e3o Brasil \u2013 foto ilustra\u00e7\u00e3o). \u00c9 autor da honraria o vereador licenciado Ismael Bastos (PL). Detalhe: Elmar Nascimento \u00e9 o candidato a federal de Ismael Bastos.<\/div>\n","protected":false},"excerpt":{"rendered":"<p>Tramita na C\u00e2mara Municipal de Feira de Santana Projeto de Decreto Legislativo que concede o T\u00edtulo de Cidadania Feirense ao deputado federal Elmar Nascimento (Uni\u00e3o Brasil \u2013 foto ilustra\u00e7\u00e3o). \u00c9 autor da honraria o vereador licenciado Ismael Bastos (PL). Detalhe: Elmar Nascimento \u00e9 o candidato a federal de Ismael Bastos.<\/p>\n","protected":false},"author":8,"featured_media":0,"comment_status":"closed","ping_status":"closed","sticky":false,"template":"","format":"standard","meta":{"fifu_image_url":"","fifu_image_alt":"","footnotes":""},"categories":[33],"tags":[],"class_list":["post-11738","post","type-post","status-publish","format-standard","hentry","category-noticias"],"_links":{"self":[{"href":"https:\/\/ilheusnews.com.br\/index.php?rest_route=\/wp\/v2\/posts\/11738","targetHints":{"allow":["GET"]}}],"collection":[{"href":"https:\/\/ilheusnews.com.br\/index.php?rest_route=\/wp\/v2\/posts"}],"about":[{"href":"https:\/\/ilheusnews.com.br\/index.php?rest_route=\/wp\/v2\/types\/post"}],"author":[{"embeddable":true,"href":"https:\/\/ilheusnews.com.br\/index.php?rest_route=\/wp\/v2\/users\/8"}],"replies":[{"embeddable":true,"href":"https:\/\/ilheusnews.com.br\/index.php?rest_route=%2Fwp%2Fv2%2Fcomments&post=11738"}],"version-history":[{"count":0,"href":"https:\/\/ilheusnews.com.br\/index.php?rest_route=\/wp\/v2\/posts\/11738\/revisions"}],"wp:attachment":[{"href":"https:\/\/ilheusnews.com.br\/index.php?rest_route=%2Fwp%2Fv2%2Fmedia&parent=11738"}],"wp:term":[{"taxonomy":"category","embeddable":true,"href":"https:\/\/ilheusnews.com.br\/index.php?rest_route=%2Fwp%2Fv2%2Fcategories&post=11738"},{"taxonomy":"post_tag","embeddable":true,"href":"https:\/\/ilheusnews.com.br\/index.php?rest_route=%2Fwp%2Fv2%2Ftags&post=11738"}],"curies":[{"name":"wp","href":"https:\/\/api.w.org\/{rel}","templated":true}]}}