{"id":11659,"date":"2026-07-10T06:00:55","date_gmt":"2026-07-10T09:00:55","guid":{"rendered":"https:\/\/ilheusnews.com.br\/?p=11659"},"modified":"2026-07-10T06:00:55","modified_gmt":"2026-07-10T09:00:55","slug":"projeto-brasileiro-usa-relogios-inteligentes-para-detectar-doencas-antes-de-os-sintomas-aparecerem","status":"publish","type":"post","link":"https:\/\/ilheusnews.com.br\/?p=11659","title":{"rendered":"Projeto brasileiro usa rel\u00f3gios inteligentes para detectar doen\u00e7as antes de os sintomas aparecerem"},"content":{"rendered":"<div>\n<p><a href=\"https:\/\/olhardigital.com.br\/tag\/smartwatch\/\" target=\"_blank\" rel=\"noreferrer noopener\">Rel\u00f3gio<\/a>s e an\u00e9is inteligentes podem deixar de ser apenas dispositivos voltados ao acompanhamento de atividade f\u00edsica e qualidade do sono para assumir um papel importante na medicina preventiva. Essa \u00e9 a proposta do Viva Bem: Intelig\u00eancia Artificial para Sa\u00fade e Bem-Estar, novo Centro de Pesquisa Aplicada (CPA) criado em parceria entre a FAPESP, a Universidade Estadual de Campinas (Unicamp) e a Samsung.<\/p>\n<p>A iniciativa vai desenvolver sistemas de intelig\u00eancia artificial capazes de analisar os dados coletados por dispositivos vest\u00edveis para identificar sinais precoces de doen\u00e7as antes mesmo do aparecimento dos primeiros sintomas. Entre as condi\u00e7\u00f5es que poder\u00e3o ser monitoradas est\u00e3o a doen\u00e7a de Parkinson, problemas cardiovasculares, dist\u00farbios do sono e altera\u00e7\u00f5es relacionadas ao envelhecimento.<\/p>\n<p>Isso porque os smartwatches e smart rings atuais j\u00e1 re\u00fanem sensores capazes de registrar informa\u00e7\u00f5es como frequ\u00eancia card\u00edaca, press\u00e3o arterial, temperatura corporal, condutividade el\u00e9trica da pele, composi\u00e7\u00e3o corporal e padr\u00f5es de movimento. A proposta da iniciativa \u00e9 utilizar algoritmos de IA para processar os dados e identificar padr\u00f5es sutis que possam servir como indicadores objetivos de diferentes condi\u00e7\u00f5es de sa\u00fade.<\/p>\n<div class=\"wp-block-image\">\n<figure class=\"aligncenter size-large\"><figcaption class=\"wp-element-caption\">Projeto depende de participa\u00e7\u00e3o volunt\u00e1ria \u2013 Imagem: Rog\u00e9rio Augusto Bordini\/Ag\u00eancia FAPESP<\/figcaption><\/figure>\n<\/div>\n<h2 class=\"wp-block-heading\" id=\"h-deteccao-antes-dos-primeiros-sintomas\">Detec\u00e7\u00e3o antes dos primeiros sintomas<\/h2>\n<p>Segundo Anderson Rocha, professor do Instituto de Computa\u00e7\u00e3o da Unicamp e coordenador do Viva Bem, estudos anteriores j\u00e1 mostraram o potencial da abordagem. \u201cJ\u00e1 constatamos, por meio de um projeto desenvolvido anteriormente, que a ansiedade e o estresse, por exemplo, causam mudan\u00e7as na condutividade el\u00e9trica da pele detect\u00e1veis por um rel\u00f3gio inteligente\u201d, afirmou \u00e0 <em><a href=\"https:\/\/agencia.fapesp.br\/novo-centro-de-pesquisa-usara-relogios-e-aneis-inteligentes-para-deteccao-precoce-de-doencas\/58613\" target=\"_blank\" rel=\"noreferrer noopener\">Ag\u00eancia FAPESP<\/a><\/em>.<\/p>\n<ul>\n<li>No caso do Parkinson, a expectativa \u00e9 que a IA consiga detectar altera\u00e7\u00f5es na marcha, nos tremores e nos padr\u00f5es de sono anos antes do diagn\u00f3stico cl\u00ednico convencional;<\/li>\n<li>J\u00e1 para doen\u00e7as cardiovasculares, a ideia \u00e9 transformar os dispositivos em uma esp\u00e9cie de monitor card\u00edaco cont\u00ednuo, capaz de identificar arritmias, altera\u00e7\u00f5es na press\u00e3o arterial e sinais de risco para infarto ou acidente vascular cerebral (AVC) a partir da mudan\u00e7a dos batimentos card\u00edacos;<\/li>\n<li>A tecnologia tamb\u00e9m poder\u00e1 ser aplicada na identifica\u00e7\u00e3o de dist\u00farbios do sono associados a doen\u00e7as neurodegenerativas e no acompanhamento de idosos, detectando antecipadamente a perda de for\u00e7a e de mobilidade para permitir a\u00e7\u00f5es preventivas contra quedas.<\/li>\n<\/ul>\n<p>Para tornar o diagn\u00f3stico mais confi\u00e1vel, os pesquisadores pretendem desenvolver modelos capazes de compreender as caracter\u00edsticas individuais de cada pessoa, em vez de se basearem apenas em padr\u00f5es m\u00e9dios da popula\u00e7\u00e3o. Outra prioridade ser\u00e1 garantir a explicabilidade das decis\u00f5es da IA, permitindo que o sistema apresente os motivos que o levaram a indicar determinado risco.<\/p>\n<p>\u201cIsso \u00e9 fundamental para que o m\u00e9dico confie na sugest\u00e3o da IA e tome decis\u00f5es cl\u00ednicas seguras\u201d, avaliou Rocha.<\/p>\n<p>O objetivo tamb\u00e9m \u00e9 criar algoritmos que funcionem diretamente nos pr\u00f3prios rel\u00f3gios e an\u00e9is inteligentes, possibilitando o processamento dos dados em tempo real. Segundo o pesquisador, esses sistemas dever\u00e3o aprender continuamente a partir dos sinais captados pelos sensores, reduzindo a depend\u00eancia de classifica\u00e7\u00f5es manuais.<\/p>\n<p>Uma das vantagens do uso desses dispositivos \u00e9 a possibilidade de acompanhar o usu\u00e1rio durante o dia a dia. Em vez de depender de exames realizados em consultas ocasionais, os pesquisadores poder\u00e3o observar padr\u00f5es que surgem ao longo do tempo.<\/p>\n<p>\u201cDiferentemente da medicina tradicional, que muitas vezes \u00e9 baseada em dados epis\u00f3dicos [obtidos durante um check-up anual, por exemplo], a IA permite o monitoramento 24 horas por dia, sete dias por semana\u201d, comparou Rocha.<\/p>\n<p>Como o projeto envolve informa\u00e7\u00f5es consideradas altamente sens\u00edveis, a coleta de dados depender\u00e1 da aprova\u00e7\u00e3o de comit\u00eas de \u00e9tica e da participa\u00e7\u00e3o volunt\u00e1ria dos usu\u00e1rios, que dever\u00e3o autorizar o uso das informa\u00e7\u00f5es ap\u00f3s receberem orienta\u00e7\u00f5es detalhadas sobre a pesquisa.<\/p>\n<div class=\"wp-block-image\">\n<figure class=\"aligncenter size-large\"><img loading=\"lazy\" decoding=\"async\" width=\"1024\" height=\"682\" src=\"https:\/\/ilheusnews.com.br\/wp-content\/uploads\/2026\/07\/shutterstock_2337826059-1024x682-1.jpg\" alt=\"galaxy watch\" class=\"wp-image-1114720\" srcset=\"https:\/\/img.odcdn.com.br\/wp-content\/uploads\/2025\/05\/shutterstock_2337826059-1024x682.jpg 1024w, https:\/\/img.odcdn.com.br\/wp-content\/uploads\/2025\/05\/shutterstock_2337826059-300x200.jpg 300w, https:\/\/img.odcdn.com.br\/wp-content\/uploads\/2025\/05\/shutterstock_2337826059-768x512.jpg 768w, https:\/\/img.odcdn.com.br\/wp-content\/uploads\/2025\/05\/shutterstock_2337826059-1536x1024.jpg 1536w, https:\/\/img.odcdn.com.br\/wp-content\/uploads\/2025\/05\/shutterstock_2337826059-150x100.jpg 150w, https:\/\/img.odcdn.com.br\/wp-content\/uploads\/2025\/05\/shutterstock_2337826059.jpg 2000w\" sizes=\"auto, (max-width: 1024px) 100vw, 1024px\"><figcaption class=\"wp-element-caption\">Iniciativa funciona em parceria com a Samsung \u2013 Imagem: Framesira \/ Shutterstock.com<\/figcaption><\/figure>\n<\/div>\n<h2 class=\"wp-block-heading\" id=\"h-parceria-com-a-samsung\">Parceria com a Samsung<\/h2>\n<p>O desenvolvimento dos algoritmos contar\u00e1 com especialistas da Unicamp e da Samsung. A empresa ficar\u00e1 respons\u00e1vel pela integra\u00e7\u00e3o dos dados obtidos por sensores presentes em dispositivos como o Galaxy Watch e o Galaxy Ring \u00e0 plataforma utilizada nas pesquisas do centro.<\/p>\n<p>Segundo o coordenador do Viva Bem, uma das preocupa\u00e7\u00f5es do projeto \u00e9 evitar o vazamento dessas informa\u00e7\u00f5es, reduzindo riscos como discrimina\u00e7\u00e3o em processos seletivos ou preju\u00edzos profissionais decorrentes da exposi\u00e7\u00e3o de dados m\u00e9dicos.<\/p>\n<p>O Centro de Pesquisa Aplicada nasceu com investimento inicial de R$ 20 milh\u00f5es e representa um novo est\u00e1gio da colabora\u00e7\u00e3o entre Unicamp e Samsung, iniciada h\u00e1 cerca de 15 anos. <\/p>\n<p>De acordo com Ot\u00e1vio Penatti, diretor de pesquisa e desenvolvimento em intelig\u00eancia artificial da Samsung no Brasil, este \u00e9 o primeiro Centro de Pesquisa Aplicada da empresa no pa\u00eds estruturado nesse modelo de parceria entre universidade, empresa e funda\u00e7\u00e3o de apoio \u00e0 pesquisa.<\/p>\n<p>O modelo de financiamento tamb\u00e9m foi destacado pela FAPESP. Segundo Rodolfo Jardim de Azevedo, coordenador-geral de Tecnologias e Parcerias em Inova\u00e7\u00e3o da funda\u00e7\u00e3o, o formato permite pesquisas de longo prazo, com contratos de cinco anos renov\u00e1veis por mais cinco.  <\/p>\n<p>Al\u00e9m do aporte financeiro da Samsung e do apoio da FAPESP, o centro contar\u00e1 com a participa\u00e7\u00e3o de mais de 70 pesquisadores da Unicamp, reunindo especialistas de \u00e1reas como computa\u00e7\u00e3o, f\u00edsica, engenharia, educa\u00e7\u00e3o f\u00edsica, medicina e do Hospital de Cl\u00ednicas da universidade.<\/p>\n<p>O post <a href=\"https:\/\/olhardigital.com.br\/2026\/07\/10\/medicina-e-saude\/projeto-brasileiro-usa-relogios-inteligentes-para-detectar-doencas-antes-de-os-sintomas-aparecerem\/\">Projeto brasileiro usa rel\u00f3gios inteligentes para detectar doen\u00e7as antes de os sintomas aparecerem<\/a> apareceu primeiro em <a href=\"https:\/\/olhardigital.com.br\/\">Olhar Digital<\/a>.<\/p>\n<\/div>\n","protected":false},"excerpt":{"rendered":"<p>Rel\u00f3gios e an\u00e9is inteligentes podem deixar de ser apenas dispositivos voltados ao acompanhamento de atividade f\u00edsica e qualidade do sono para assumir um papel importante na medicina preventiva. Essa \u00e9 a proposta do Viva Bem: Intelig\u00eancia Artificial para Sa\u00fade e Bem-Estar, novo Centro de Pesquisa Aplicada (CPA) criado em parceria entre a FAPESP, a Universidade<\/p>\n","protected":false},"author":6,"featured_media":11660,"comment_status":"closed","ping_status":"closed","sticky":false,"template":"","format":"standard","meta":{"fifu_image_url":"https:\/\/olhardigital.com.br\/wp-content\/uploads\/2026\/07\/viva-bem-1024x768.jpg","fifu_image_alt":"Projeto brasileiro usa rel\u00f3gios inteligentes para detectar doen\u00e7as antes de os sintomas aparecerem","footnotes":""},"categories":[33],"tags":[],"class_list":["post-11659","post","type-post","status-publish","format-standard","has-post-thumbnail","hentry","category-noticias"],"_links":{"self":[{"href":"https:\/\/ilheusnews.com.br\/index.php?rest_route=\/wp\/v2\/posts\/11659","targetHints":{"allow":["GET"]}}],"collection":[{"href":"https:\/\/ilheusnews.com.br\/index.php?rest_route=\/wp\/v2\/posts"}],"about":[{"href":"https:\/\/ilheusnews.com.br\/index.php?rest_route=\/wp\/v2\/types\/post"}],"author":[{"embeddable":true,"href":"https:\/\/ilheusnews.com.br\/index.php?rest_route=\/wp\/v2\/users\/6"}],"replies":[{"embeddable":true,"href":"https:\/\/ilheusnews.com.br\/index.php?rest_route=%2Fwp%2Fv2%2Fcomments&post=11659"}],"version-history":[{"count":0,"href":"https:\/\/ilheusnews.com.br\/index.php?rest_route=\/wp\/v2\/posts\/11659\/revisions"}],"wp:featuredmedia":[{"embeddable":true,"href":"https:\/\/ilheusnews.com.br\/index.php?rest_route=\/wp\/v2\/media\/11660"}],"wp:attachment":[{"href":"https:\/\/ilheusnews.com.br\/index.php?rest_route=%2Fwp%2Fv2%2Fmedia&parent=11659"}],"wp:term":[{"taxonomy":"category","embeddable":true,"href":"https:\/\/ilheusnews.com.br\/index.php?rest_route=%2Fwp%2Fv2%2Fcategories&post=11659"},{"taxonomy":"post_tag","embeddable":true,"href":"https:\/\/ilheusnews.com.br\/index.php?rest_route=%2Fwp%2Fv2%2Ftags&post=11659"}],"curies":[{"name":"wp","href":"https:\/\/api.w.org\/{rel}","templated":true}]}}