{"id":11651,"date":"2026-07-10T00:02:54","date_gmt":"2026-07-10T03:02:54","guid":{"rendered":"https:\/\/ilheusnews.com.br\/?p=11651"},"modified":"2026-07-10T00:02:54","modified_gmt":"2026-07-10T03:02:54","slug":"microsoft-emissoes-de-carbono-cresceram-25-em-2025-diz-relatorio","status":"publish","type":"post","link":"https:\/\/ilheusnews.com.br\/?p=11651","title":{"rendered":"Microsoft: emiss\u00f5es de carbono cresceram 25% em 2025, diz relat\u00f3rio"},"content":{"rendered":"<div>\n<p>As emiss\u00f5es de carbono da <a href=\"https:\/\/olhardigital.com.br\/tag\/microsoft\/\" target=\"_blank\" rel=\"noreferrer noopener\">Microsoft<\/a> subiram 25% em 2025, totalizando 34 milh\u00f5es de toneladas m\u00e9tricas \u201csem interven\u00e7\u00f5es seletivas\u201d, segundo o <a href=\"https:\/\/cdn-dynmedia-1.microsoft.com\/is\/content\/microsoftcorp\/microsoft\/msc\/documents\/presentations\/CSR\/2026-Microsoft-Environmental-Sustainability-Report-PDF.pdf\" target=\"_blank\" rel=\"noreferrer noopener\">relat\u00f3rio de sustentabilidade<\/a> de 2026 da empresa, reportado pelo <em><a href=\"https:\/\/www.geekwire.com\/2026\/microsofts-carbon-emissions-climb-25-as-tech-giants-grapple-with-ais-energy-toll\/\" target=\"_blank\" rel=\"noreferrer noopener\">GeekWire<\/a><\/em>.<\/p>\n<p>O documento atribui o aumento \u201cprincipalmente \u00e0 expans\u00e3o da infraestrutura de <a href=\"https:\/\/olhardigital.com.br\/tag\/data-centers\/\" target=\"_blank\" rel=\"noreferrer noopener\">data centers<\/a>\u201d e \u00e0 decis\u00e3o da companhia, tomada em fevereiro de 2025, de deixar de adquirir \u201ccertificados de <a href=\"https:\/\/olhardigital.com.br\/tag\/energia\/\" target=\"_blank\" rel=\"noreferrer noopener\">energia<\/a> renov\u00e1vel n\u00e3o adicionais e desagregados\u201d.<\/p>\n<p>O pr\u00f3prio relat\u00f3rio admite que as solu\u00e7\u00f5es de sustentabilidade n\u00e3o acompanham o ritmo da demanda gerada pela intelig\u00eancia artificial (IA). \u201cEnquanto a infraestrutura de IA impulsiona a demanda por energia, \u00e1gua, terra e materiais, as solu\u00e7\u00f5es de sustentabilidade n\u00e3o est\u00e3o escalando r\u00e1pido o suficiente para atender \u00e0 demanda\u201d, afirma o documento.<\/p>\n<\/p>\n<div class=\"wp-block-image\">\n<figure class=\"aligncenter size-large\"><figcaption class=\"wp-element-caption\">Emiss\u00f5es de carbono da Microsoft aumentaram \u2013 Imagem: moo photograph\/Shutterstock<\/figcaption><\/figure>\n<\/div>\n<p><strong>Leia mais:<\/strong><\/p>\n<ul>\n<li><a href=\"https:\/\/olhardigital.com.br\/2024\/07\/22\/dicas-e-tutoriais\/10-recursos-que-voce-precisa-conhecer-no-windows-11\/\" target=\"_blank\" rel=\"noreferrer noopener\">10 recursos que voc\u00ea precisa conhecer no Windows 11<\/a><\/li>\n<li><a href=\"https:\/\/olhardigital.com.br\/2025\/10\/13\/dicas-e-tutoriais\/6-recursos-do-windows-que-todo-mundo-deveria-conhecer\/\" target=\"_blank\" rel=\"noreferrer noopener\">6 recursos do Windows que todo mundo deveria conhecer<\/a><\/li>\n<li><a href=\"https:\/\/olhardigital.com.br\/2026\/07\/07\/pro\/reducao-de-custos-microsoft-comeca-a-se-afastar-dos-gigantes-da-ia\/\" target=\"_blank\" rel=\"noreferrer noopener\">Redu\u00e7\u00e3o de custos? Microsoft come\u00e7a a se afastar dos gigantes da IA<\/a><\/li>\n<\/ul>\n<h2 class=\"wp-block-heading\" id=\"h-microsoft-com-missao-carbono-negativa-falhando\">Microsoft com miss\u00e3o carbono negativa falhando?<\/h2>\n<p>H\u00e1 alguns anos, a Microsoft estabeleceu a meta de se tornar carbono negativa at\u00e9 2030 \u2014 o que exige remover da atmosfera mais carbono do que produz. O resultado de 2025 n\u00e3o \u00e9 o primeiro rev\u00e9s nesse caminho: o relat\u00f3rio de sustentabilidade de 2024 j\u00e1 havia registrado alta semelhante nas emiss\u00f5es de gases de efeito estufa da empresa.<\/p>\n<p>A Microsoft n\u00e3o est\u00e1 sozinha na situa\u00e7\u00e3o. O Google registrou aumento de 25% nas emiss\u00f5es de sua cadeia de fornecimento, segundo seu pr\u00f3prio relat\u00f3rio de sustentabilidade de 2026. A Amazon reportou crescimento de 16% no mesmo per\u00edodo e informou, em junho, que seus data centers consumiram 2,5 bilh\u00f5es de gal\u00f5es de \u00e1gua em 2025 \u2014 volume que a empresa afirma ser inferior ao consumido pela Microsoft.<\/p>\n<h2 class=\"wp-block-heading\" id=\"h-o-que-diz-a-empresa\">O que diz a empresa<\/h2>\n<p>O <strong>Olhar Digital<\/strong> entrou em contato com a Microsoft e espera um posicionamento oficial a respeito do tema.<\/p>\n<p>O post <a href=\"https:\/\/olhardigital.com.br\/2026\/07\/09\/pro\/emissoes-de-carbono-da-microsoft-cresceram-25-em-2025-diz-relatorio\/\">Microsoft: emiss\u00f5es de carbono cresceram 25% em 2025, diz relat\u00f3rio<\/a> apareceu primeiro em <a href=\"https:\/\/olhardigital.com.br\/\">Olhar Digital<\/a>.<\/p>\n<\/div>\n","protected":false},"excerpt":{"rendered":"<p>As emiss\u00f5es de carbono da Microsoft subiram 25% em 2025, totalizando 34 milh\u00f5es de toneladas m\u00e9tricas \u201csem interven\u00e7\u00f5es seletivas\u201d, segundo o relat\u00f3rio de sustentabilidade de 2026 da empresa, reportado pelo GeekWire. O documento atribui o aumento \u201cprincipalmente \u00e0 expans\u00e3o da infraestrutura de data centers\u201d e \u00e0 decis\u00e3o da companhia, tomada em fevereiro de 2025, de<\/p>\n","protected":false},"author":6,"featured_media":11652,"comment_status":"closed","ping_status":"closed","sticky":false,"template":"","format":"standard","meta":{"fifu_image_url":"https:\/\/olhardigital.com.br\/wp-content\/uploads\/2026\/07\/carbono-1024x484.jpg","fifu_image_alt":"Microsoft: emiss\u00f5es de carbono cresceram 25% em 2025, diz relat\u00f3rio","footnotes":""},"categories":[33],"tags":[],"class_list":["post-11651","post","type-post","status-publish","format-standard","has-post-thumbnail","hentry","category-noticias"],"_links":{"self":[{"href":"https:\/\/ilheusnews.com.br\/index.php?rest_route=\/wp\/v2\/posts\/11651","targetHints":{"allow":["GET"]}}],"collection":[{"href":"https:\/\/ilheusnews.com.br\/index.php?rest_route=\/wp\/v2\/posts"}],"about":[{"href":"https:\/\/ilheusnews.com.br\/index.php?rest_route=\/wp\/v2\/types\/post"}],"author":[{"embeddable":true,"href":"https:\/\/ilheusnews.com.br\/index.php?rest_route=\/wp\/v2\/users\/6"}],"replies":[{"embeddable":true,"href":"https:\/\/ilheusnews.com.br\/index.php?rest_route=%2Fwp%2Fv2%2Fcomments&post=11651"}],"version-history":[{"count":0,"href":"https:\/\/ilheusnews.com.br\/index.php?rest_route=\/wp\/v2\/posts\/11651\/revisions"}],"wp:featuredmedia":[{"embeddable":true,"href":"https:\/\/ilheusnews.com.br\/index.php?rest_route=\/wp\/v2\/media\/11652"}],"wp:attachment":[{"href":"https:\/\/ilheusnews.com.br\/index.php?rest_route=%2Fwp%2Fv2%2Fmedia&parent=11651"}],"wp:term":[{"taxonomy":"category","embeddable":true,"href":"https:\/\/ilheusnews.com.br\/index.php?rest_route=%2Fwp%2Fv2%2Fcategories&post=11651"},{"taxonomy":"post_tag","embeddable":true,"href":"https:\/\/ilheusnews.com.br\/index.php?rest_route=%2Fwp%2Fv2%2Ftags&post=11651"}],"curies":[{"name":"wp","href":"https:\/\/api.w.org\/{rel}","templated":true}]}}