{"id":11645,"date":"2026-07-10T00:02:53","date_gmt":"2026-07-10T03:02:53","guid":{"rendered":"https:\/\/ilheusnews.com.br\/?p=11645"},"modified":"2026-07-10T00:02:53","modified_gmt":"2026-07-10T03:02:53","slug":"entrevista-gpt-5-6-inaugura-uma-nova-fase-da-ia","status":"publish","type":"post","link":"https:\/\/ilheusnews.com.br\/?p=11645","title":{"rendered":"Entrevista: GPT-5.6 inaugura uma nova fase da IA?"},"content":{"rendered":"<div>\n<p>A OpenAI lan\u00e7ou nesta quinta-feira a fam\u00edlia GPT-5.6, composta por tr\u00eas modelos com perfis distintos de capacidade e custo. S\u00e3o eles: Sol \u2013 o mais potente, voltado a tarefas complexas; Terra \u2013 equilibrado para o trabalho cotidiano; e Luna \u2013 o mais r\u00e1pido e acess\u00edvel.<\/p>\n<p>Ser\u00e1 que os modelos inauguram uma nova fase da intelig\u00eancia artificial para a desenvolvedora? Arthur Igreja, especialista em Tecnologia e Inova\u00e7\u00e3o, traz os detalhes. Confira! <\/p>\n<p>O post <a href=\"https:\/\/olhardigital.com.br\/2026\/07\/09\/videos\/entrevista-gpt-5-6-inaugura-uma-nova-fase-da-ia\/\">Entrevista: GPT-5.6 inaugura uma nova fase da IA?<\/a> apareceu primeiro em <a href=\"https:\/\/olhardigital.com.br\/\">Olhar Digital<\/a>.<\/p>\n<\/div>\n","protected":false},"excerpt":{"rendered":"<p>A OpenAI lan\u00e7ou nesta quinta-feira a fam\u00edlia GPT-5.6, composta por tr\u00eas modelos com perfis distintos de capacidade e custo. S\u00e3o eles: Sol \u2013 o mais potente, voltado a tarefas complexas; Terra \u2013 equilibrado para o trabalho cotidiano; e Luna \u2013 o mais r\u00e1pido e acess\u00edvel. Ser\u00e1 que os modelos inauguram uma nova fase da intelig\u00eancia<\/p>\n","protected":false},"author":6,"featured_media":0,"comment_status":"closed","ping_status":"closed","sticky":false,"template":"","format":"standard","meta":{"fifu_image_url":"","fifu_image_alt":"","footnotes":""},"categories":[33],"tags":[],"class_list":["post-11645","post","type-post","status-publish","format-standard","hentry","category-noticias"],"_links":{"self":[{"href":"https:\/\/ilheusnews.com.br\/index.php?rest_route=\/wp\/v2\/posts\/11645","targetHints":{"allow":["GET"]}}],"collection":[{"href":"https:\/\/ilheusnews.com.br\/index.php?rest_route=\/wp\/v2\/posts"}],"about":[{"href":"https:\/\/ilheusnews.com.br\/index.php?rest_route=\/wp\/v2\/types\/post"}],"author":[{"embeddable":true,"href":"https:\/\/ilheusnews.com.br\/index.php?rest_route=\/wp\/v2\/users\/6"}],"replies":[{"embeddable":true,"href":"https:\/\/ilheusnews.com.br\/index.php?rest_route=%2Fwp%2Fv2%2Fcomments&post=11645"}],"version-history":[{"count":0,"href":"https:\/\/ilheusnews.com.br\/index.php?rest_route=\/wp\/v2\/posts\/11645\/revisions"}],"wp:attachment":[{"href":"https:\/\/ilheusnews.com.br\/index.php?rest_route=%2Fwp%2Fv2%2Fmedia&parent=11645"}],"wp:term":[{"taxonomy":"category","embeddable":true,"href":"https:\/\/ilheusnews.com.br\/index.php?rest_route=%2Fwp%2Fv2%2Fcategories&post=11645"},{"taxonomy":"post_tag","embeddable":true,"href":"https:\/\/ilheusnews.com.br\/index.php?rest_route=%2Fwp%2Fv2%2Ftags&post=11645"}],"curies":[{"name":"wp","href":"https:\/\/api.w.org\/{rel}","templated":true}]}}