{"id":11593,"date":"2026-07-09T06:02:57","date_gmt":"2026-07-09T09:02:57","guid":{"rendered":"https:\/\/ilheusnews.com.br\/?p=11593"},"modified":"2026-07-09T06:02:57","modified_gmt":"2026-07-09T09:02:57","slug":"receita-fara-parada-programada-para-implantacao-do-cnpj-alfanumerico-em-25-de-julho","status":"publish","type":"post","link":"https:\/\/ilheusnews.com.br\/?p=11593","title":{"rendered":"Receita far\u00e1 parada programada para implanta\u00e7\u00e3o do CNPJ Alfanum\u00e9rico em 25 de julho"},"content":{"rendered":"<div>A Receita Federal realizar\u00e1 uma parada programada no ambiente do Cadastro Nacional da Pessoa Jur\u00eddica (CNPJ) no pr\u00f3ximo 25 de julho, das 7h \u00e0s 19h, para concluir a implanta\u00e7\u00e3o do CNPJ Alfanum\u00e9rico. Durante esse per\u00edodo, todos os servi\u00e7os que dependem da base cadastral ficar\u00e3o indispon\u00edveis. (Foto ilustra\u00e7\u00e3o) A interrup\u00e7\u00e3o afetar\u00e1 consultas e demais opera\u00e7\u00f5es realizadas diretamente na base do CNPJ, exigindo que empresas, \u00f3rg\u00e3os p\u00fablicos e desenvolvedores se preparem para a atualiza\u00e7\u00e3o dos sistemas. Servi\u00e7os do CNPJ ficar\u00e3o indispon\u00edveis Segundo a Receita Federal, o ambiente Mainframe do CNPJ ficar\u00e1 totalmente indispon\u00edvel durante a janela de manuten\u00e7\u00e3o. Com isso, n\u00e3o ser\u00e1 poss\u00edvel realizar consultas cadastrais nem executar outras opera\u00e7\u00f5es que utilizem a base do CNPJ enquanto a atualiza\u00e7\u00e3o estiver em andamento. A medida faz parte da etapa final de implanta\u00e7\u00e3o do novo modelo de identifica\u00e7\u00e3o das pessoas jur\u00eddicas, que passar\u00e1 a aceitar caracteres alfanum\u00e9ricos. Sistemas devem estar adaptados ao novo formato A Receita alerta que aplica\u00e7\u00f5es que ainda n\u00e3o foram adaptadas ao CNPJ Alfanum\u00e9rico poder\u00e3o apresentar falhas ap\u00f3s a entrada do novo modelo em produ\u00e7\u00e3o. O alerta vale tanto para \u00f3rg\u00e3os e entidades que acessam diretamente a base do CNPJ quanto para empresas que utilizam servi\u00e7os disponibilizados pela Receita por meio de Webservices e APIs. Nesses casos, os sistemas dever\u00e3o estar preparados para processar CNPJs compostos por letras e n\u00fameros, substituindo a l\u00f3gica atual baseada exclusivamente em caracteres num\u00e9ricos. (Juliana Moratto)<\/div>\n","protected":false},"excerpt":{"rendered":"<p>A Receita Federal realizar\u00e1 uma parada programada no ambiente do Cadastro Nacional da Pessoa Jur\u00eddica (CNPJ) no pr\u00f3ximo 25 de julho, das 7h \u00e0s 19h, para concluir a implanta\u00e7\u00e3o do CNPJ Alfanum\u00e9rico. Durante esse per\u00edodo, todos os servi\u00e7os que dependem da base cadastral ficar\u00e3o indispon\u00edveis. (Foto ilustra\u00e7\u00e3o) A interrup\u00e7\u00e3o afetar\u00e1 consultas e demais opera\u00e7\u00f5es realizadas<\/p>\n","protected":false},"author":8,"featured_media":0,"comment_status":"closed","ping_status":"closed","sticky":false,"template":"","format":"standard","meta":{"fifu_image_url":"","fifu_image_alt":"","footnotes":""},"categories":[33],"tags":[],"class_list":["post-11593","post","type-post","status-publish","format-standard","hentry","category-noticias"],"_links":{"self":[{"href":"https:\/\/ilheusnews.com.br\/index.php?rest_route=\/wp\/v2\/posts\/11593","targetHints":{"allow":["GET"]}}],"collection":[{"href":"https:\/\/ilheusnews.com.br\/index.php?rest_route=\/wp\/v2\/posts"}],"about":[{"href":"https:\/\/ilheusnews.com.br\/index.php?rest_route=\/wp\/v2\/types\/post"}],"author":[{"embeddable":true,"href":"https:\/\/ilheusnews.com.br\/index.php?rest_route=\/wp\/v2\/users\/8"}],"replies":[{"embeddable":true,"href":"https:\/\/ilheusnews.com.br\/index.php?rest_route=%2Fwp%2Fv2%2Fcomments&post=11593"}],"version-history":[{"count":0,"href":"https:\/\/ilheusnews.com.br\/index.php?rest_route=\/wp\/v2\/posts\/11593\/revisions"}],"wp:attachment":[{"href":"https:\/\/ilheusnews.com.br\/index.php?rest_route=%2Fwp%2Fv2%2Fmedia&parent=11593"}],"wp:term":[{"taxonomy":"category","embeddable":true,"href":"https:\/\/ilheusnews.com.br\/index.php?rest_route=%2Fwp%2Fv2%2Fcategories&post=11593"},{"taxonomy":"post_tag","embeddable":true,"href":"https:\/\/ilheusnews.com.br\/index.php?rest_route=%2Fwp%2Fv2%2Ftags&post=11593"}],"curies":[{"name":"wp","href":"https:\/\/api.w.org\/{rel}","templated":true}]}}