{"id":11577,"date":"2026-07-09T00:02:55","date_gmt":"2026-07-09T03:02:55","guid":{"rendered":"https:\/\/ilheusnews.com.br\/?p=11577"},"modified":"2026-07-09T00:02:55","modified_gmt":"2026-07-09T03:02:55","slug":"meta-trabalha-em-oculos-inteligentes-com-gravacao-continua-diz-jornal","status":"publish","type":"post","link":"https:\/\/ilheusnews.com.br\/?p=11577","title":{"rendered":"Meta trabalha em \u00f3culos inteligentes com grava\u00e7\u00e3o cont\u00ednua, diz jornal"},"content":{"rendered":"<div>\n<p>A Meta estaria desenvolvendo um novo prot\u00f3tipo de \u00f3culos inteligentes com recursos de intelig\u00eancia artificial (IA) capazes de permanecer constantemente atentos ao ambiente.<\/p>\n<p>Segundo informa\u00e7\u00f5es publicadas pelo <em><a href=\"https:\/\/www.ft.com\/content\/ac282450-91a8-4597-8f60-9e6ef416865a\" target=\"_blank\" rel=\"noreferrer noopener\">Financial Times<\/a><\/em>, o projeto, conhecido internamente como <strong>\u201csuper sensing\u201d<\/strong>, prev\u00ea que os dispositivos gravem \u00e1udio de forma cont\u00ednua e capturem fotografias em intervalos de poucos segundos.<\/p>\n<p>A proposta permitiria que os usu\u00e1rios consultassem posteriormente a Meta AI sobre acontecimentos registrados pelos \u00f3culos, utilizando as imagens e os sons captados ao longo do dia como contexto para responder perguntas.<\/p>\n<h2 class=\"wp-block-heading\" id=\"h-sistema-da-meta-pode-utilizar-metadados-em-vez-de-armazenar-imagens-e-audios\">Sistema da Meta pode utilizar metadados em vez de armazenar imagens e \u00e1udios<\/h2>\n<ul>\n<li>De acordo com o <em>Financial Times<\/em>, uma das arquiteturas discutidas pela Meta prev\u00ea que os arquivos brutos de \u00e1udio e v\u00eddeo n\u00e3o sejam armazenados pela empresa nem disponibilizados diretamente ao usu\u00e1rio;<\/li>\n<li>Nesse modelo, apenas os metadados extra\u00eddos das imagens e dos \u00e1udios seriam enviados aos servidores da companhia, onde seriam utilizados pela Meta AI para responder \u00e0s consultas do usu\u00e1rio;<\/li>\n<li>Segundo pessoas ouvidas pelo jornal, os defensores dessa abordagem argumentam que ela teria menos implica\u00e7\u00f5es para a privacidade do que o armazenamento integral das grava\u00e7\u00f5es.<\/li>\n<\/ul>\n<h2 class=\"wp-block-heading\" id=\"h-projeto-levanta-preocupacoes-com-privacidade\">Projeto levanta preocupa\u00e7\u00f5es com privacidade<\/h2>\n<p>Caso os \u00f3culos ou os recursos de \u201csuper sensing\u201d sejam lan\u00e7ados comercialmente, eles dever\u00e3o intensificar o debate sobre privacidade.<\/p>\n<p>A Meta j\u00e1 enfrenta questionamentos relacionados ao desenvolvimento de tecnologias de reconhecimento facial para seus \u00f3culos inteligentes. A empresa tamb\u00e9m recebeu cr\u00edticas ap\u00f3s relatos de usu\u00e1rios filmando mulheres enquanto utilizavam o dispositivo e lida com modifica\u00e7\u00f5es feitas por terceiros que removem o LED respons\u00e1vel por indicar quando a c\u00e2mera est\u00e1 gravando.<\/p>\n<p>Na ter\u00e7a-feira (7), a empresa anunciou uma atualiza\u00e7\u00e3o que desativa automaticamente a c\u00e2mera caso os \u00f3culos detectem que esse indicador luminoso foi adulterado.<\/p>\n<p>Apesar disso, segundo o <em>Financial Times<\/em>, o plano atual da Meta prev\u00ea que o LED permane\u00e7a apagado durante o funcionamento do modo \u201csuper sensing\u201d.<\/p>\n<\/p>\n<div class=\"wp-block-image\">\n<figure class=\"aligncenter size-large\"><figcaption class=\"wp-element-caption\">Uma das arquiteturas discutidas pela Meta prev\u00ea que os arquivos brutos de \u00e1udio e v\u00eddeo n\u00e3o sejam armazenados pela empresa nem disponibilizados diretamente ao usu\u00e1rio \u2013 Imagem: jackpress\/Shutterstock<\/figcaption><\/figure>\n<\/div>\n<h2 class=\"wp-block-heading\" id=\"h-documento-da-empresa-explica-funcionamento-do-led\">Documento da empresa explica funcionamento do LED<\/h2>\n<p>Um documento t\u00e9cnico publicado pela Meta em julho de 2025 j\u00e1 indicava essa estrat\u00e9gia. Segundo o white paper, o indicador luminoso seria reservado apenas para situa\u00e7\u00f5es de <strong>\u201ccaptura ativa\u201d<\/strong>, quando o usu\u00e1rio salva fotos ou v\u00eddeos.<\/p>\n<p>J\u00e1 durante o uso de recursos classificados como <strong>\u201cAI Feature\u201d<\/strong>, como escanear um card\u00e1pio utilizando intelig\u00eancia artificial, o LED permaneceria desligado. De acordo com a empresa, isso evitaria que as pessoas se acostumassem a ignorar o indicador luminoso.<\/p>\n<p>O <em>Financial Times<\/em> observa ainda que, caso o LED permanecesse aceso durante o modo \u201csuper sensing\u201d, seria mais dif\u00edcil distinguir quando os \u00f3culos estariam apenas analisando o ambiente ou efetivamente gravando v\u00eddeos.<\/p>\n<p>Segundo a reportagem, a Meta tamb\u00e9m discute internamente a possibilidade de utilizar os dados capturados pelos \u00f3culos para treinar seus modelos de IA.<\/p>\n<p>O jornal afirma ainda que os recursos de \u201csuper sensing\u201d poder\u00e3o chegar inclusive a modelos de \u00f3culos inteligentes que j\u00e1 foram lan\u00e7ados pela empresa.<\/p>\n<h2 class=\"wp-block-heading\" id=\"h-meta-nao-comenta-prototipos-mas-reforca-compromisso-com-privacidade\">Meta n\u00e3o comenta prot\u00f3tipos, mas refor\u00e7a compromisso com privacidade<\/h2>\n<p>Em comunicado enviado ao <em><a href=\"https:\/\/www.theverge.com\/tech\/963138\/meta-smart-glasses-recording-super-sensing-ai\" target=\"_blank\" rel=\"noreferrer noopener\">The Verge<\/a><\/em>, o porta-voz da Meta, Dave Arnold, evitou comentar diretamente o projeto.<\/p>\n<p>\u201cEmbora n\u00e3o comentemos prot\u00f3tipos internos, estamos comprometidos em acertar nossos \u00f3culos porque eles precisam ser amados tanto pelas pessoas que os usam quanto por aquelas ao seu redor\u201d, afirmou.<\/p>\n<p>Arnold acrescentou que \u201cnossa abordagem tem sido desenvolver novas tecnologias que ajudem as pessoas ao longo do dia, com a privacidade incorporada desde o in\u00edcio\u201d.<\/p>\n<h2 class=\"wp-block-heading\" id=\"h-zuckerberg-ja-falou-sobre-assistentes-presentes-durante-todo-o-dia\">Zuckerberg j\u00e1 falou sobre assistentes presentes durante todo o dia<\/h2>\n<p>Embora n\u00e3o confirme o desenvolvimento do novo prot\u00f3tipo, a Meta j\u00e1 havia sinalizado publicamente o interesse em criar \u00f3culos inteligentes com funcionamento cont\u00ednuo.<\/p>\n<p>Durante a teleconfer\u00eancia de resultados do primeiro trimestre de 2026, o CEO, Mark Zuckerberg, afirmou que estava \u201crealmente animado em ver os \u00f3culos evolu\u00edrem de responder perguntas para se tornarem um agente pessoal que esteja com voc\u00ea o dia todo, ajudando voc\u00ea a lembrar das coisas e alcan\u00e7ar seus objetivos\u201d.<\/p>\n<p>Em uma publica\u00e7\u00e3o de mar\u00e7o sobre os novos \u00f3culos Ray-Ban Meta, a empresa tamb\u00e9m afirmou que, por meio de atualiza\u00e7\u00f5es de software, a Meta AI deixar\u00e1 de funcionar apenas mediante comandos do usu\u00e1rio para se tornar \u201cuma assistente mais cont\u00ednua, presente no momento, capaz de ajudar ao longo de todo o dia\u201d.<\/p>\n<p>O post <a href=\"https:\/\/olhardigital.com.br\/2026\/07\/08\/reviews\/meta-trabalha-em-oculos-inteligentes-com-gravacao-continua-diz-jornal\/\">Meta trabalha em \u00f3culos inteligentes com grava\u00e7\u00e3o cont\u00ednua, diz jornal<\/a> apareceu primeiro em <a href=\"https:\/\/olhardigital.com.br\/\">Olhar Digital<\/a>.<\/p>\n<\/div>\n","protected":false},"excerpt":{"rendered":"<p>A Meta estaria desenvolvendo um novo prot\u00f3tipo de \u00f3culos inteligentes com recursos de intelig\u00eancia artificial (IA) capazes de permanecer constantemente atentos ao ambiente. Segundo informa\u00e7\u00f5es publicadas pelo Financial Times, o projeto, conhecido internamente como \u201csuper sensing\u201d, prev\u00ea que os dispositivos gravem \u00e1udio de forma cont\u00ednua e capturem fotografias em intervalos de poucos segundos. A proposta<\/p>\n","protected":false},"author":6,"featured_media":11578,"comment_status":"closed","ping_status":"closed","sticky":false,"template":"","format":"standard","meta":{"fifu_image_url":"https:\/\/olhardigital.com.br\/wp-content\/uploads\/2026\/04\/meta-e1777458619772-1024x577.jpg","fifu_image_alt":"Meta trabalha em \u00f3culos inteligentes com grava\u00e7\u00e3o cont\u00ednua, diz jornal","footnotes":""},"categories":[33],"tags":[],"class_list":["post-11577","post","type-post","status-publish","format-standard","has-post-thumbnail","hentry","category-noticias"],"_links":{"self":[{"href":"https:\/\/ilheusnews.com.br\/index.php?rest_route=\/wp\/v2\/posts\/11577","targetHints":{"allow":["GET"]}}],"collection":[{"href":"https:\/\/ilheusnews.com.br\/index.php?rest_route=\/wp\/v2\/posts"}],"about":[{"href":"https:\/\/ilheusnews.com.br\/index.php?rest_route=\/wp\/v2\/types\/post"}],"author":[{"embeddable":true,"href":"https:\/\/ilheusnews.com.br\/index.php?rest_route=\/wp\/v2\/users\/6"}],"replies":[{"embeddable":true,"href":"https:\/\/ilheusnews.com.br\/index.php?rest_route=%2Fwp%2Fv2%2Fcomments&post=11577"}],"version-history":[{"count":0,"href":"https:\/\/ilheusnews.com.br\/index.php?rest_route=\/wp\/v2\/posts\/11577\/revisions"}],"wp:featuredmedia":[{"embeddable":true,"href":"https:\/\/ilheusnews.com.br\/index.php?rest_route=\/wp\/v2\/media\/11578"}],"wp:attachment":[{"href":"https:\/\/ilheusnews.com.br\/index.php?rest_route=%2Fwp%2Fv2%2Fmedia&parent=11577"}],"wp:term":[{"taxonomy":"category","embeddable":true,"href":"https:\/\/ilheusnews.com.br\/index.php?rest_route=%2Fwp%2Fv2%2Fcategories&post=11577"},{"taxonomy":"post_tag","embeddable":true,"href":"https:\/\/ilheusnews.com.br\/index.php?rest_route=%2Fwp%2Fv2%2Ftags&post=11577"}],"curies":[{"name":"wp","href":"https:\/\/api.w.org\/{rel}","templated":true}]}}