{"id":11547,"date":"2026-07-08T18:02:00","date_gmt":"2026-07-08T21:02:00","guid":{"rendered":"https:\/\/ilheusnews.com.br\/?p=11547"},"modified":"2026-07-08T18:02:00","modified_gmt":"2026-07-08T21:02:00","slug":"teixeira-de-freitas-apos-carta-consulta-uldurico-pinto-confirma-pre-candidatura-a-deputado-federal","status":"publish","type":"post","link":"https:\/\/ilheusnews.com.br\/?p=11547","title":{"rendered":"Teixeira de Freitas: Ap\u00f3s carta-consulta, Uldurico Pinto confirma pr\u00e9-candidatura a deputado federal"},"content":{"rendered":"<div>Ap\u00f3s analisar os resultados da carta-consulta lan\u00e7ada no fim do m\u00eas de maio, com o objetivo de avaliar a receptividade popular \u00e0 sua poss\u00edvel candidatura, o ex-deputado constituinte Uldurico Pinto confirmou que disputar\u00e1 uma vaga na C\u00e2mara Federal. (Foto ilustra\u00e7\u00e3o) Para marcar o in\u00edcio oficial da pr\u00e9-campanha, Uldurico convida a popula\u00e7\u00e3o para o evento de lan\u00e7amento de sua pr\u00e9-candidatura a deputado federal pelo partido Rede Solidariedade. O encontro ser\u00e1 realizado no dia 11 de julho, \u00e0s 16h, no audit\u00f3rio do Hotel Lord, na cidade de Teixeira de Freitas. A expectativa dos organizadores \u00e9 reunir lideran\u00e7as pol\u00edticas, representantes comunit\u00e1rios, apoiadores e amigos de diversas regi\u00f5es da Bahia. Segundo aliados do ex-deputado, a decis\u00e3o de colocar seu nome na disputa foi tomada ap\u00f3s a avalia\u00e7\u00e3o positiva da carta-consulta, refor\u00e7ando o projeto pol\u00edtico para as elei\u00e7\u00f5es. Eles afirmam ainda que a candidatura segue mesmo diante de resist\u00eancias de setores da c\u00fapula da pol\u00edtica baiana, com a expectativa de conquistar uma expressiva vota\u00e7\u00e3o em diferentes regi\u00f5es do estado. (agazetabahia)<\/div>\n","protected":false},"excerpt":{"rendered":"<p>Ap\u00f3s analisar os resultados da carta-consulta lan\u00e7ada no fim do m\u00eas de maio, com o objetivo de avaliar a receptividade popular \u00e0 sua poss\u00edvel candidatura, o ex-deputado constituinte Uldurico Pinto confirmou que disputar\u00e1 uma vaga na C\u00e2mara Federal. (Foto ilustra\u00e7\u00e3o) Para marcar o in\u00edcio oficial da pr\u00e9-campanha, Uldurico convida a popula\u00e7\u00e3o para o evento de<\/p>\n","protected":false},"author":8,"featured_media":0,"comment_status":"closed","ping_status":"closed","sticky":false,"template":"","format":"standard","meta":{"fifu_image_url":"","fifu_image_alt":"","footnotes":""},"categories":[33],"tags":[],"class_list":["post-11547","post","type-post","status-publish","format-standard","hentry","category-noticias"],"_links":{"self":[{"href":"https:\/\/ilheusnews.com.br\/index.php?rest_route=\/wp\/v2\/posts\/11547","targetHints":{"allow":["GET"]}}],"collection":[{"href":"https:\/\/ilheusnews.com.br\/index.php?rest_route=\/wp\/v2\/posts"}],"about":[{"href":"https:\/\/ilheusnews.com.br\/index.php?rest_route=\/wp\/v2\/types\/post"}],"author":[{"embeddable":true,"href":"https:\/\/ilheusnews.com.br\/index.php?rest_route=\/wp\/v2\/users\/8"}],"replies":[{"embeddable":true,"href":"https:\/\/ilheusnews.com.br\/index.php?rest_route=%2Fwp%2Fv2%2Fcomments&post=11547"}],"version-history":[{"count":0,"href":"https:\/\/ilheusnews.com.br\/index.php?rest_route=\/wp\/v2\/posts\/11547\/revisions"}],"wp:attachment":[{"href":"https:\/\/ilheusnews.com.br\/index.php?rest_route=%2Fwp%2Fv2%2Fmedia&parent=11547"}],"wp:term":[{"taxonomy":"category","embeddable":true,"href":"https:\/\/ilheusnews.com.br\/index.php?rest_route=%2Fwp%2Fv2%2Fcategories&post=11547"},{"taxonomy":"post_tag","embeddable":true,"href":"https:\/\/ilheusnews.com.br\/index.php?rest_route=%2Fwp%2Fv2%2Ftags&post=11547"}],"curies":[{"name":"wp","href":"https:\/\/api.w.org\/{rel}","templated":true}]}}