{"id":11401,"date":"2026-07-06T18:01:30","date_gmt":"2026-07-06T21:01:30","guid":{"rendered":"https:\/\/ilheusnews.com.br\/?p=11401"},"modified":"2026-07-06T18:01:30","modified_gmt":"2026-07-06T21:01:30","slug":"jeep-avenger-comeca-a-ser-produzido-no-brasil-e-deve-ser-lancado-este-semestre","status":"publish","type":"post","link":"https:\/\/ilheusnews.com.br\/?p=11401","title":{"rendered":"Jeep Avenger come\u00e7a a ser produzido no Brasil e deve ser lan\u00e7ado este semestre"},"content":{"rendered":"<div>\n<p>A Stellantis, grupo automotivo respons\u00e1vel por marcas como Fiat e Jeep, iniciou a produ\u00e7\u00e3o em s\u00e9rie do novo Jeep Avenger na f\u00e1brica de Porto Real (RJ). O SUV compacto ser\u00e1 o primeiro ve\u00edculo produzido na unidade equipado com um sistema h\u00edbrido leve de 12 volts e tamb\u00e9m marcar\u00e1 a estreia de uma nova plataforma de fabrica\u00e7\u00e3o de ve\u00edculos eletrificados da empresa no Brasil.<\/p>\n<p>O in\u00edcio da produ\u00e7\u00e3o foi anunciado durante as comemora\u00e7\u00f5es pelos 25 anos do Polo Automotivo de Porto Real. Segundo a montadora, o Jeep Avenger \u00e9 um dos principais projetos contemplados pelo ciclo de investimentos de R$ 3 bilh\u00f5es destinado \u00e0 moderniza\u00e7\u00e3o e \u00e0 expans\u00e3o da f\u00e1brica at\u00e9 2030.<\/p>\n<p>Esse montante faz parte de um plano mais amplo da Stellantis, que prev\u00ea investimentos de R$ 32 bilh\u00f5es na Am\u00e9rica do Sul.<\/p>\n<p>\u201cNum momento em que a categoria de B-SUVs d\u00e1 um salto e cresce quase 80% no nosso pa\u00eds, n\u00f3s assumimos novamente o protagonismo e iniciamos hoje um novo cap\u00edtulo para a marca e para a Stellantis: o in\u00edcio de produ\u00e7\u00e3o do Novo Jeep Avenger\u201d, afirmou Herlander Zola, presidente da Stellantis para a Am\u00e9rica do Sul.<\/p>\n<h2 class=\"wp-block-heading\" id=\"h-jeep-avenger-tera-sistema-hibrido-leve\">Jeep Avenger ter\u00e1 sistema h\u00edbrido leve<\/h2>\n<ul>\n<li>O Jeep Avenger ser\u00e1 equipado com um motor 1.0 turbo flex associado a um sistema h\u00edbrido leve (MHEV) de 12 volts;<\/li>\n<li>Nessa configura\u00e7\u00e3o, uma pequena bateria auxilia o motor a combust\u00e3o em situa\u00e7\u00f5es, como partidas e retomadas de velocidade, contribuindo para reduzir o consumo de combust\u00edvel e as emiss\u00f5es de poluentes;<\/li>\n<li>A empresa ressalta, no entanto, que, diferentemente de um h\u00edbrido convencional, o modelo n\u00e3o \u00e9 capaz de rodar exclusivamente com energia el\u00e9trica;<\/li>\n<li>De acordo com a Stellantis, o in\u00edcio da produ\u00e7\u00e3o do Avenger tamb\u00e9m representa a adapta\u00e7\u00e3o da f\u00e1brica de Porto Real para uma nova gera\u00e7\u00e3o de ve\u00edculos eletrificados, em linha com a estrat\u00e9gia global da companhia de ampliar a oferta de modelos com menor emiss\u00e3o de carbono.<\/li>\n<\/ul>\n<div class=\"wp-block-image\">\n<figure class=\"aligncenter size-large\"><figcaption class=\"wp-element-caption\">Jeep Avenger ser\u00e1 equipado com um motor 1.0 turbo flex associado a um sistema h\u00edbrido leve (MHEV) de 12 volts \u2013 Imagem: Divulga\u00e7\u00e3o\/Stellantis<\/figcaption><\/figure>\n<\/div>\n<h2 class=\"wp-block-heading\" id=\"h-expansao-da-fabrica-deve-gerar-empregos\">Expans\u00e3o da f\u00e1brica deve gerar empregos<\/h2>\n<p>Para atender ao aumento da produ\u00e7\u00e3o do novo SUV, a Stellantis informou que implantar\u00e1 um segundo turno de trabalho na unidade de Porto Real. Segundo a empresa, a medida dever\u00e1 resultar na cria\u00e7\u00e3o de 800 empregos diretos na f\u00e1brica, al\u00e9m de outras 450 vagas entre empresas fornecedoras.<\/p>\n<p>A montadora tamb\u00e9m anunciou a instala\u00e7\u00e3o de oito novos fornecedores no complexo industrial. Com isso, o Polo Automotivo de Porto Real passar\u00e1 a contar com 13 empresas respons\u00e1veis pelo fornecimento de componentes utilizados na fabrica\u00e7\u00e3o dos ve\u00edculos.<\/p>\n<p>Ainda segundo a Stellantis, a amplia\u00e7\u00e3o da rede de fornecedores permitir\u00e1 reduzir a necessidade de transporte de pe\u00e7as provenientes de outras regi\u00f5es, aumentar a participa\u00e7\u00e3o de componentes produzidos no Brasil e fortalecer a cadeia automotiva instalada no Estado do Rio de Janeiro.<\/p>\n<p>O Jeep Avenger dever\u00e1 chegar \u00e0s concession\u00e1rias brasileiras ainda neste semestre.<\/p>\n<p>O post <a href=\"https:\/\/olhardigital.com.br\/2026\/07\/06\/carros-e-tecnologia\/jeep-avenger-comeca-a-ser-produzido-no-brasil-e-deve-ser-lancado-este-semestre\/\">Jeep Avenger come\u00e7a a ser produzido no Brasil e deve ser lan\u00e7ado este semestre<\/a> apareceu primeiro em <a href=\"https:\/\/olhardigital.com.br\/\">Olhar Digital<\/a>.<\/p>\n<\/div>\n","protected":false},"excerpt":{"rendered":"<p>A Stellantis, grupo automotivo respons\u00e1vel por marcas como Fiat e Jeep, iniciou a produ\u00e7\u00e3o em s\u00e9rie do novo Jeep Avenger na f\u00e1brica de Porto Real (RJ). O SUV compacto ser\u00e1 o primeiro ve\u00edculo produzido na unidade equipado com um sistema h\u00edbrido leve de 12 volts e tamb\u00e9m marcar\u00e1 a estreia de uma nova plataforma de<\/p>\n","protected":false},"author":6,"featured_media":11402,"comment_status":"closed","ping_status":"closed","sticky":false,"template":"","format":"standard","meta":{"fifu_image_url":"https:\/\/olhardigital.com.br\/wp-content\/uploads\/2026\/07\/jeep_avenger_2-1024x683.jpg","fifu_image_alt":"Jeep Avenger come\u00e7a a ser produzido no Brasil e deve ser lan\u00e7ado este semestre","footnotes":""},"categories":[33],"tags":[],"class_list":["post-11401","post","type-post","status-publish","format-standard","has-post-thumbnail","hentry","category-noticias"],"_links":{"self":[{"href":"https:\/\/ilheusnews.com.br\/index.php?rest_route=\/wp\/v2\/posts\/11401","targetHints":{"allow":["GET"]}}],"collection":[{"href":"https:\/\/ilheusnews.com.br\/index.php?rest_route=\/wp\/v2\/posts"}],"about":[{"href":"https:\/\/ilheusnews.com.br\/index.php?rest_route=\/wp\/v2\/types\/post"}],"author":[{"embeddable":true,"href":"https:\/\/ilheusnews.com.br\/index.php?rest_route=\/wp\/v2\/users\/6"}],"replies":[{"embeddable":true,"href":"https:\/\/ilheusnews.com.br\/index.php?rest_route=%2Fwp%2Fv2%2Fcomments&post=11401"}],"version-history":[{"count":0,"href":"https:\/\/ilheusnews.com.br\/index.php?rest_route=\/wp\/v2\/posts\/11401\/revisions"}],"wp:featuredmedia":[{"embeddable":true,"href":"https:\/\/ilheusnews.com.br\/index.php?rest_route=\/wp\/v2\/media\/11402"}],"wp:attachment":[{"href":"https:\/\/ilheusnews.com.br\/index.php?rest_route=%2Fwp%2Fv2%2Fmedia&parent=11401"}],"wp:term":[{"taxonomy":"category","embeddable":true,"href":"https:\/\/ilheusnews.com.br\/index.php?rest_route=%2Fwp%2Fv2%2Fcategories&post=11401"},{"taxonomy":"post_tag","embeddable":true,"href":"https:\/\/ilheusnews.com.br\/index.php?rest_route=%2Fwp%2Fv2%2Ftags&post=11401"}],"curies":[{"name":"wp","href":"https:\/\/api.w.org\/{rel}","templated":true}]}}