{"id":11365,"date":"2026-07-06T12:01:33","date_gmt":"2026-07-06T15:01:33","guid":{"rendered":"https:\/\/ilheusnews.com.br\/?p=11365"},"modified":"2026-07-06T12:01:33","modified_gmt":"2026-07-06T15:01:33","slug":"tj-ba-suspende-prazos-processuais-apos-falhas-no-acesso-a-sistemas-eletronicos-saiba-detalhes","status":"publish","type":"post","link":"https:\/\/ilheusnews.com.br\/?p=11365","title":{"rendered":"TJ-BA suspende prazos processuais ap\u00f3s falhas no acesso a sistemas eletr\u00f4nicos; saiba detalhes"},"content":{"rendered":"<div>O\u00a0Tribunal de Justi\u00e7a da Bahia (TJ-BA), em decreto (974) assinado pelo desembargador\u00a0Jos\u00e9 Edivaldo Rocha Rotondano, presidente da Corte, determinou a suspens\u00e3o excepcional de todos os prazos processuais da ter\u00e7a-feira, dia 30 de junho. (Foto ilustra\u00e7\u00e3o) De acordo com o documento, a medida, que abrange todo o \u00e2mbito do Poder Judici\u00e1rio estadual, foi motivada por um pedido formal da\u00a0Ordem dos Advogados do Brasil \u2013 Se\u00e7\u00e3o Bahia (OAB-BA)\u00a0para diminuir os efeitos de instabilidades no acesso aos sistemas eletr\u00f4nicos e ao portal do tribunal, que afetaram usu\u00e1rios externos. Segundo decreto, a solicita\u00e7\u00e3o da OAB-BA afirmou que os advogados e advogadas tiveram dificuldade para acessar os portais do Judici\u00e1rio baiano, o que comprometeria a pr\u00e1tica de atos processuais. Em resposta, a\u00a0Secretaria de Tecnologia da Informa\u00e7\u00e3o e Moderniza\u00e7\u00e3o (SETIM)\u00a0do TJ-BA emitiu um parecer t\u00e9cnico esclarecendo que n\u00e3o houve indisponibilidade nos sistemas judiciais internos ou paralisa\u00e7\u00e3o dos servi\u00e7os de conectividade contratados pelo tribunal. A SETIM atribuiu o problema a falhas em rotas externas de telecomunica\u00e7\u00f5es, utilizadas por provedores de internet espec\u00edficos para acessar a rede do Judici\u00e1rio. A Presid\u00eancia do TJ-BA afirmou que ponderou a necessidade de preservar a seguran\u00e7a jur\u00eddica, a prote\u00e7\u00e3o da confian\u00e7a leg\u00edtima, o acesso \u00e0 justi\u00e7a e o pleno exerc\u00edcio da advocacia, optando por decretar a suspens\u00e3o dos prazos para o dia 30 de junho de 2026 como uma salvaguarda excepcional. O decreto, que entra em vigor imediatamente a partir de sua publica\u00e7\u00e3o, ressalva em seu par\u00e1grafo \u00fanico que a suspens\u00e3o n\u00e3o invalida os atos processuais que venham a ser praticados pelos usu\u00e1rios durante o per\u00edodo, mantendo-se a efic\u00e1cia das manifesta\u00e7\u00f5es volunt\u00e1rias. (Aline Gama\/bahia.ba)<\/div>\n","protected":false},"excerpt":{"rendered":"<p>O\u00a0Tribunal de Justi\u00e7a da Bahia (TJ-BA), em decreto (974) assinado pelo desembargador\u00a0Jos\u00e9 Edivaldo Rocha Rotondano, presidente da Corte, determinou a suspens\u00e3o excepcional de todos os prazos processuais da ter\u00e7a-feira, dia 30 de junho. (Foto ilustra\u00e7\u00e3o) De acordo com o documento, a medida, que abrange todo o \u00e2mbito do Poder Judici\u00e1rio estadual, foi motivada por um<\/p>\n","protected":false},"author":8,"featured_media":0,"comment_status":"closed","ping_status":"closed","sticky":false,"template":"","format":"standard","meta":{"fifu_image_url":"","fifu_image_alt":"","footnotes":""},"categories":[33],"tags":[],"class_list":["post-11365","post","type-post","status-publish","format-standard","hentry","category-noticias"],"_links":{"self":[{"href":"https:\/\/ilheusnews.com.br\/index.php?rest_route=\/wp\/v2\/posts\/11365","targetHints":{"allow":["GET"]}}],"collection":[{"href":"https:\/\/ilheusnews.com.br\/index.php?rest_route=\/wp\/v2\/posts"}],"about":[{"href":"https:\/\/ilheusnews.com.br\/index.php?rest_route=\/wp\/v2\/types\/post"}],"author":[{"embeddable":true,"href":"https:\/\/ilheusnews.com.br\/index.php?rest_route=\/wp\/v2\/users\/8"}],"replies":[{"embeddable":true,"href":"https:\/\/ilheusnews.com.br\/index.php?rest_route=%2Fwp%2Fv2%2Fcomments&post=11365"}],"version-history":[{"count":0,"href":"https:\/\/ilheusnews.com.br\/index.php?rest_route=\/wp\/v2\/posts\/11365\/revisions"}],"wp:attachment":[{"href":"https:\/\/ilheusnews.com.br\/index.php?rest_route=%2Fwp%2Fv2%2Fmedia&parent=11365"}],"wp:term":[{"taxonomy":"category","embeddable":true,"href":"https:\/\/ilheusnews.com.br\/index.php?rest_route=%2Fwp%2Fv2%2Fcategories&post=11365"},{"taxonomy":"post_tag","embeddable":true,"href":"https:\/\/ilheusnews.com.br\/index.php?rest_route=%2Fwp%2Fv2%2Ftags&post=11365"}],"curies":[{"name":"wp","href":"https:\/\/api.w.org\/{rel}","templated":true}]}}