{"id":11187,"date":"2026-07-03T12:03:19","date_gmt":"2026-07-03T15:03:19","guid":{"rendered":"https:\/\/ilheusnews.com.br\/?p=11187"},"modified":"2026-07-03T12:03:19","modified_gmt":"2026-07-03T15:03:19","slug":"avanco-adicional-de-1-do-fpm-de-marco-e-aprovado-em-comissao-especial-da-camara","status":"publish","type":"post","link":"https:\/\/ilheusnews.com.br\/?p=11187","title":{"rendered":"Avan\u00e7o: adicional de 1% do FPM de mar\u00e7o \u00e9 aprovado em comiss\u00e3o especial da C\u00e2mara"},"content":{"rendered":"<div>Uma das principais bandeiras do movimento municipalista liderado pela Confedera\u00e7\u00e3o Nacional de Munic\u00edpios (CNM), o adicional de 1% para o Fundo de Participa\u00e7\u00e3o dos Munic\u00edpios (FPM) avan\u00e7ou no Congresso Nacional. A Proposta de Emenda \u00e0 Constitui\u00e7\u00e3o (PEC) 231\/2019 foi aprovada nesta quinta-feira, 2 de julho, na comiss\u00e3o especial da C\u00e2mara dos Deputados sobre o assunto. O texto ainda ser\u00e1 analisado pelo plen\u00e1rio da Casa e pelo Senado. (Foto ilustra\u00e7\u00e3o) O parecer do deputado Arnaldo Jardim (Cidadania-SP) foi aprovado de forma simb\u00f3lica. O texto aumenta de 50% para 53% o repasse da Uni\u00e3o para os Estados e Munic\u00edpios referente \u00e0 arrecada\u00e7\u00e3o dos impostos sobre renda e sobre produtos industrializados, al\u00e9m do imposto seletivo, criado pela Reforma Tribut\u00e1ria. De acordo com a proposta, a Uni\u00e3o passar\u00e1 a destinar quatro repasses extras anuais do FPM. O novo repasse ser\u00e1 entregue em mar\u00e7o de cada ano, somando-se \u00e0s transfer\u00eancias que j\u00e1 ocorrem em julho, setembro e dezembro. Al\u00e9m disso, a PEC institui fundos constitucionais de financiamento espec\u00edficos para as regi\u00f5es Sul e Sudeste. Na avalia\u00e7\u00e3o do presidente da CNM, Paulo Ziulkoski, a proposta avan\u00e7a na resposta ao equil\u00edbrio fiscal federativo. \u201cA mat\u00e9ria \u00e9 essencial para a execu\u00e7\u00e3o de pol\u00edticas p\u00fablicas em \u00e1reas como sa\u00fade e educa\u00e7\u00e3o, servi\u00e7os prioritariamente oferecidos pelos Munic\u00edpios. A medida se faz especialmente necess\u00e1ria em um cen\u00e1rio de avan\u00e7o de pautas-bomba no Congresso, referentes a pisos salariais, concess\u00e3o de benef\u00edcios trabalhistas e previdenci\u00e1rios e ren\u00fancia de receitas que s\u00e3o compartilhadas com os Munic\u00edpios\u201d, explica o l\u00edder municipalista, ao destacar o conjunto de proposi\u00e7\u00f5es aprovadas recentemente ou com tramita\u00e7\u00e3o avan\u00e7ada podem resultar em um gasto extra de R$ 295 bilh\u00f5es para os cofres municipais, de acordo com levantamento da CNM.\u00a0 Implementa\u00e7\u00e3oSe aprovado, o adicional ser\u00e1 implementado de forma escalonada: 0,5% em 2027 e mais 0,5% no exerc\u00edcio de 2028. O impacto previsto pela CNM \u00e9 de R$ 1 bilh\u00e3o em 2027, saltando para cerca de R$ 6,4 bilh\u00f5es no ano seguinte. (Fonte: CNM)<\/div>\n","protected":false},"excerpt":{"rendered":"<p>Uma das principais bandeiras do movimento municipalista liderado pela Confedera\u00e7\u00e3o Nacional de Munic\u00edpios (CNM), o adicional de 1% para o Fundo de Participa\u00e7\u00e3o dos Munic\u00edpios (FPM) avan\u00e7ou no Congresso Nacional. A Proposta de Emenda \u00e0 Constitui\u00e7\u00e3o (PEC) 231\/2019 foi aprovada nesta quinta-feira, 2 de julho, na comiss\u00e3o especial da C\u00e2mara dos Deputados sobre o assunto.<\/p>\n","protected":false},"author":8,"featured_media":0,"comment_status":"closed","ping_status":"closed","sticky":false,"template":"","format":"standard","meta":{"fifu_image_url":"","fifu_image_alt":"","footnotes":""},"categories":[33],"tags":[],"class_list":["post-11187","post","type-post","status-publish","format-standard","hentry","category-noticias"],"_links":{"self":[{"href":"https:\/\/ilheusnews.com.br\/index.php?rest_route=\/wp\/v2\/posts\/11187","targetHints":{"allow":["GET"]}}],"collection":[{"href":"https:\/\/ilheusnews.com.br\/index.php?rest_route=\/wp\/v2\/posts"}],"about":[{"href":"https:\/\/ilheusnews.com.br\/index.php?rest_route=\/wp\/v2\/types\/post"}],"author":[{"embeddable":true,"href":"https:\/\/ilheusnews.com.br\/index.php?rest_route=\/wp\/v2\/users\/8"}],"replies":[{"embeddable":true,"href":"https:\/\/ilheusnews.com.br\/index.php?rest_route=%2Fwp%2Fv2%2Fcomments&post=11187"}],"version-history":[{"count":0,"href":"https:\/\/ilheusnews.com.br\/index.php?rest_route=\/wp\/v2\/posts\/11187\/revisions"}],"wp:attachment":[{"href":"https:\/\/ilheusnews.com.br\/index.php?rest_route=%2Fwp%2Fv2%2Fmedia&parent=11187"}],"wp:term":[{"taxonomy":"category","embeddable":true,"href":"https:\/\/ilheusnews.com.br\/index.php?rest_route=%2Fwp%2Fv2%2Fcategories&post=11187"},{"taxonomy":"post_tag","embeddable":true,"href":"https:\/\/ilheusnews.com.br\/index.php?rest_route=%2Fwp%2Fv2%2Ftags&post=11187"}],"curies":[{"name":"wp","href":"https:\/\/api.w.org\/{rel}","templated":true}]}}