{"id":11186,"date":"2026-07-03T12:03:17","date_gmt":"2026-07-03T15:03:17","guid":{"rendered":"https:\/\/ilheusnews.com.br\/?p=11186"},"modified":"2026-07-03T12:03:17","modified_gmt":"2026-07-03T15:03:17","slug":"feira-comemora-independencia-do-brasil-na-bahia-com-desfile-e-missa-em-maria-quiteria","status":"publish","type":"post","link":"https:\/\/ilheusnews.com.br\/?p=11186","title":{"rendered":"Feira comemora Independ\u00eancia do Brasil na Bahia com desfile e missa em Maria Quit\u00e9ria"},"content":{"rendered":"<div>O 203\u00ba anivers\u00e1rio da Independ\u00eancia do Brasil na Bahia foi comemorado no distrito de Maria Quit\u00e9ria com desfile c\u00edvico e missa solene. A data \u00e9 considerada uma das mais importantes do estado e tem significado especial para Feira de Santana. (Foto ilustra\u00e7\u00e3o) As comemora\u00e7\u00f5es no distrito aconteceram pela 12\u00aa vez e contaram com grande participa\u00e7\u00e3o popular. \u201cQue o exemplo de Maria Quit\u00e9ria e dos baianos que foram \u00e0s armas lutar pela liberdade nos inspire hoje e sempre\u201d, afirmou o prefeito Jos\u00e9 Ronaldo de Carvalho. \u201cFoi uma mulher convicta de seus ideais, que inspirou toda uma na\u00e7\u00e3o.\u201d Maria Quit\u00e9ria tem uma hist\u00f3ria singular. Ela se alistou no Ex\u00e9rcito e, para isso, disfar\u00e7ou-se de homem, j\u00e1 que, \u00e0 \u00e9poca, n\u00e3o era permitida a entrada de mulheres nas fileiras militares. Lutou contra as tropas comandadas pelo general Labatut e tornou-se hero\u00edna nacional. A missa foi celebrada na Igreja de Nossa Senhora dos Humildes pelo arcebispo Dom Itamar Vian e pelo padre Zorimar. Participaram do desfile a banda do 35\u00ba BI, escolas da rede municipal, grupos de idosos e culturais, al\u00e9m da Cavalaria da Pol\u00edcia Militar. Tamb\u00e9m estiveram presentes secret\u00e1rios municipais, entre eles o titular da Secretaria de Cultura, Esporte e Lazer, Cristiano Lobo, o secret\u00e1rio de Comunica\u00e7\u00e3o, Joilton Freitas, vereadores, como o presidente da C\u00e2mara, Marcos Lima, e representantes de entidades culturais, entre elas a presidente do Instituto Hist\u00f3rico e Geogr\u00e1fico de Feira de Santana, Liac\u00e9lia Pires Leal. (Secom)<\/div>\n","protected":false},"excerpt":{"rendered":"<p>O 203\u00ba anivers\u00e1rio da Independ\u00eancia do Brasil na Bahia foi comemorado no distrito de Maria Quit\u00e9ria com desfile c\u00edvico e missa solene. A data \u00e9 considerada uma das mais importantes do estado e tem significado especial para Feira de Santana. (Foto ilustra\u00e7\u00e3o) As comemora\u00e7\u00f5es no distrito aconteceram pela 12\u00aa vez e contaram com grande participa\u00e7\u00e3o<\/p>\n","protected":false},"author":8,"featured_media":0,"comment_status":"closed","ping_status":"closed","sticky":false,"template":"","format":"standard","meta":{"fifu_image_url":"","fifu_image_alt":"","footnotes":""},"categories":[33],"tags":[],"class_list":["post-11186","post","type-post","status-publish","format-standard","hentry","category-noticias"],"_links":{"self":[{"href":"https:\/\/ilheusnews.com.br\/index.php?rest_route=\/wp\/v2\/posts\/11186","targetHints":{"allow":["GET"]}}],"collection":[{"href":"https:\/\/ilheusnews.com.br\/index.php?rest_route=\/wp\/v2\/posts"}],"about":[{"href":"https:\/\/ilheusnews.com.br\/index.php?rest_route=\/wp\/v2\/types\/post"}],"author":[{"embeddable":true,"href":"https:\/\/ilheusnews.com.br\/index.php?rest_route=\/wp\/v2\/users\/8"}],"replies":[{"embeddable":true,"href":"https:\/\/ilheusnews.com.br\/index.php?rest_route=%2Fwp%2Fv2%2Fcomments&post=11186"}],"version-history":[{"count":0,"href":"https:\/\/ilheusnews.com.br\/index.php?rest_route=\/wp\/v2\/posts\/11186\/revisions"}],"wp:attachment":[{"href":"https:\/\/ilheusnews.com.br\/index.php?rest_route=%2Fwp%2Fv2%2Fmedia&parent=11186"}],"wp:term":[{"taxonomy":"category","embeddable":true,"href":"https:\/\/ilheusnews.com.br\/index.php?rest_route=%2Fwp%2Fv2%2Fcategories&post=11186"},{"taxonomy":"post_tag","embeddable":true,"href":"https:\/\/ilheusnews.com.br\/index.php?rest_route=%2Fwp%2Fv2%2Ftags&post=11186"}],"curies":[{"name":"wp","href":"https:\/\/api.w.org\/{rel}","templated":true}]}}