{"id":10982,"date":"2026-06-30T12:00:38","date_gmt":"2026-06-30T15:00:38","guid":{"rendered":"https:\/\/ilheusnews.com.br\/?p=10982"},"modified":"2026-06-30T12:00:38","modified_gmt":"2026-06-30T15:00:38","slug":"wilson-cardoso-sera-condecorado-cavaleiro-da-ordem-2-de-julho-pelo-governador-jeronimo-rodrigues","status":"publish","type":"post","link":"https:\/\/ilheusnews.com.br\/?p=10982","title":{"rendered":"Wilson Cardoso, ser\u00e1 condecorado Cavaleiro da Ordem 2 de Julho pelo Governador Jer\u00f4nimo Rodrigues"},"content":{"rendered":"<div>O presidente da Uni\u00e3o dos Munic\u00edpios da Bahia (UPB), Wilson Paes Cardoso (foto ilustra\u00e7\u00e3o), ser\u00e1 condecorado pelo Governador Jer\u00f4nimo Rodrigues, com o grau de Cavaleiro da Ordem 2 de Julho \u2013 Libertadores da Bahia, uma das mais importantes honrarias concedidas pelo Estado. A entrega ser\u00e1 realizada nesta ter\u00e7a-feira (30\/6) em cerim\u00f4nia que reunir\u00e1 personalidades reconhecidas por suas contribui\u00e7\u00f5es ao desenvolvimento baiano. A distin\u00e7\u00e3o reconhece a trajet\u00f3ria de Wilson Cardoso em defesa do fortalecimento dos munic\u00edpios baianos e sua atua\u00e7\u00e3o \u00e0 frente da UPB, marcada pelo di\u00e1logo institucional, articula\u00e7\u00e3o pol\u00edtica e compromisso com o municipalismo. A homenagem refor\u00e7a a relev\u00e2ncia de sua contribui\u00e7\u00e3o para o desenvolvimento das administra\u00e7\u00f5es municipais e para o avan\u00e7o das pol\u00edticas p\u00fablicas no estado. Reconhecido como uma das principais lideran\u00e7as municipalistas da Bahia, Wilson Cardoso, exerce seu quarto mandato como prefeito de Andara\u00ed, na Chapada Diamantina. O gestor tamb\u00e9m presidiu a Uni\u00e3o dos Munic\u00edpios da Chapada Diamantina (UMCD), o Cons\u00f3rcio Chapada Forte e a Federa\u00e7\u00e3o dos Cons\u00f3rcios P\u00fablicos do Estado da Bahia (FECBahia), onde liderou a aprova\u00e7\u00e3o da Lei Estadual n\u00ba 14.488\/2022, que instituiu o Programa Cons\u00f3rcios P\u00fablicos Municipais da Bahia. Em mar\u00e7o de 2025, foi eleito por aclama\u00e7\u00e3o presidente da Uni\u00e3o dos Munic\u00edpios da Bahia (UPB) para o bi\u00eanio 2025-2026, com o compromisso de fortalecer o municipalismo, ampliar a coopera\u00e7\u00e3o entre os munic\u00edpios e defender os interesses das gest\u00f5es municipais em todo o estado. (Ascom\/UPB)<\/div>\n","protected":false},"excerpt":{"rendered":"<p>O presidente da Uni\u00e3o dos Munic\u00edpios da Bahia (UPB), Wilson Paes Cardoso (foto ilustra\u00e7\u00e3o), ser\u00e1 condecorado pelo Governador Jer\u00f4nimo Rodrigues, com o grau de Cavaleiro da Ordem 2 de Julho \u2013 Libertadores da Bahia, uma das mais importantes honrarias concedidas pelo Estado. A entrega ser\u00e1 realizada nesta ter\u00e7a-feira (30\/6) em cerim\u00f4nia que reunir\u00e1 personalidades reconhecidas<\/p>\n","protected":false},"author":8,"featured_media":0,"comment_status":"closed","ping_status":"closed","sticky":false,"template":"","format":"standard","meta":{"fifu_image_url":"","fifu_image_alt":"","footnotes":""},"categories":[33],"tags":[],"class_list":["post-10982","post","type-post","status-publish","format-standard","hentry","category-noticias"],"_links":{"self":[{"href":"https:\/\/ilheusnews.com.br\/index.php?rest_route=\/wp\/v2\/posts\/10982","targetHints":{"allow":["GET"]}}],"collection":[{"href":"https:\/\/ilheusnews.com.br\/index.php?rest_route=\/wp\/v2\/posts"}],"about":[{"href":"https:\/\/ilheusnews.com.br\/index.php?rest_route=\/wp\/v2\/types\/post"}],"author":[{"embeddable":true,"href":"https:\/\/ilheusnews.com.br\/index.php?rest_route=\/wp\/v2\/users\/8"}],"replies":[{"embeddable":true,"href":"https:\/\/ilheusnews.com.br\/index.php?rest_route=%2Fwp%2Fv2%2Fcomments&post=10982"}],"version-history":[{"count":0,"href":"https:\/\/ilheusnews.com.br\/index.php?rest_route=\/wp\/v2\/posts\/10982\/revisions"}],"wp:attachment":[{"href":"https:\/\/ilheusnews.com.br\/index.php?rest_route=%2Fwp%2Fv2%2Fmedia&parent=10982"}],"wp:term":[{"taxonomy":"category","embeddable":true,"href":"https:\/\/ilheusnews.com.br\/index.php?rest_route=%2Fwp%2Fv2%2Fcategories&post=10982"},{"taxonomy":"post_tag","embeddable":true,"href":"https:\/\/ilheusnews.com.br\/index.php?rest_route=%2Fwp%2Fv2%2Ftags&post=10982"}],"curies":[{"name":"wp","href":"https:\/\/api.w.org\/{rel}","templated":true}]}}