{"id":10934,"date":"2026-06-29T18:00:30","date_gmt":"2026-06-29T21:00:30","guid":{"rendered":"https:\/\/ilheusnews.com.br\/?p=10934"},"modified":"2026-06-29T18:00:30","modified_gmt":"2026-06-29T21:00:30","slug":"lula-cai-5-pontos-no-nordeste-apos-operacao-da-pf-contra-wagner","status":"publish","type":"post","link":"https:\/\/ilheusnews.com.br\/?p=10934","title":{"rendered":"Lula cai 5 pontos no Nordeste ap\u00f3s opera\u00e7\u00e3o da PF contra Wagner"},"content":{"rendered":"<div>Lula\u00a0(foto ilustra\u00e7\u00e3o) recuou cinco pontos percentuais no\u00a0Nordeste\u00a0em cen\u00e1rio de segundo turno. A queda, de\u00a066% para 61%, aparece na pesquisa\u00a0BTG\/Nexus\u00a0divulgada nesta segunda (29\/06), registrada no\u00a0Tribunal Superior Eleitoral (TSE)\u00a0sob o n\u00famero\u00a0BR-08521\/2026. No mesmo per\u00edodo,\u00a0Fl\u00e1vio Bolsonaro\u00a0subiu de\u00a028% para 30%\u00a0na regi\u00e3o. A coleta foi feita por telefone entre\u00a026 e 28 de junho, com\u00a02.009 eleitores. Uma semana antes do in\u00edcio da pesquisa, uma opera\u00e7\u00e3o da\u00a0Pol\u00edcia Federal (PF)\u00a0atingiu o senador\u00a0Jaques Wagner\u00a0(PT-BA), investigado por envolvimento com um s\u00f3cio do\u00a0Banco Master. Wagner \u00e9 senador pela Bahia e ex-governador do estado. Nordeste e Sul puxam queda de Lula O recuo de Lula no Nordeste \u00e9 o mais expressivo entre as regi\u00f5es monitoradas. No\u00a0Sul, o presidente tamb\u00e9m perdeu terreno: foi de\u00a038% para 33%\u00a0entre as duas pesquisas. J\u00e1 no\u00a0Sudeste, o movimento foi oposto, Lula avan\u00e7ou de\u00a045% para 47%\u00a0no mesmo per\u00edodo. No cen\u00e1rio nacional, Lula foi de\u00a049% para 47%\u00a0e Fl\u00e1vio Bolsonaro de\u00a043% para 44%. Ambas as varia\u00e7\u00f5es est\u00e3o dentro da margem de erro da pesquisa, segundo o BTG\/Nexus. V\u00eddeo de Michelle n\u00e3o moveu n\u00fameros de Fl\u00e1vio Antes da rodada de entrevistas, um v\u00eddeo de\u00a0Michelle Bolsonaro\u00a0atacando\u00a0Fl\u00e1vio Bolsonaro\u00a0foi divulgado. Mesmo assim, os n\u00fameros do senador entre dois grupos espec\u00edficos praticamente n\u00e3o se alteraram. Entre mulheres, Fl\u00e1vio foi de\u00a037% para 36%, varia\u00e7\u00e3o dentro da margem de erro. Entre evang\u00e9licos, subiu de 59% para 60%. A pesquisa anterior havia sido realizada entre 12 e 14 de junho. (https:\/\/tmc.com.br)<\/div>\n","protected":false},"excerpt":{"rendered":"<p>Lula\u00a0(foto ilustra\u00e7\u00e3o) recuou cinco pontos percentuais no\u00a0Nordeste\u00a0em cen\u00e1rio de segundo turno. A queda, de\u00a066% para 61%, aparece na pesquisa\u00a0BTG\/Nexus\u00a0divulgada nesta segunda (29\/06), registrada no\u00a0Tribunal Superior Eleitoral (TSE)\u00a0sob o n\u00famero\u00a0BR-08521\/2026. No mesmo per\u00edodo,\u00a0Fl\u00e1vio Bolsonaro\u00a0subiu de\u00a028% para 30%\u00a0na regi\u00e3o. A coleta foi feita por telefone entre\u00a026 e 28 de junho, com\u00a02.009 eleitores. Uma semana antes do in\u00edcio<\/p>\n","protected":false},"author":8,"featured_media":0,"comment_status":"closed","ping_status":"closed","sticky":false,"template":"","format":"standard","meta":{"fifu_image_url":"","fifu_image_alt":"","footnotes":""},"categories":[33],"tags":[],"class_list":["post-10934","post","type-post","status-publish","format-standard","hentry","category-noticias"],"_links":{"self":[{"href":"https:\/\/ilheusnews.com.br\/index.php?rest_route=\/wp\/v2\/posts\/10934","targetHints":{"allow":["GET"]}}],"collection":[{"href":"https:\/\/ilheusnews.com.br\/index.php?rest_route=\/wp\/v2\/posts"}],"about":[{"href":"https:\/\/ilheusnews.com.br\/index.php?rest_route=\/wp\/v2\/types\/post"}],"author":[{"embeddable":true,"href":"https:\/\/ilheusnews.com.br\/index.php?rest_route=\/wp\/v2\/users\/8"}],"replies":[{"embeddable":true,"href":"https:\/\/ilheusnews.com.br\/index.php?rest_route=%2Fwp%2Fv2%2Fcomments&post=10934"}],"version-history":[{"count":0,"href":"https:\/\/ilheusnews.com.br\/index.php?rest_route=\/wp\/v2\/posts\/10934\/revisions"}],"wp:attachment":[{"href":"https:\/\/ilheusnews.com.br\/index.php?rest_route=%2Fwp%2Fv2%2Fmedia&parent=10934"}],"wp:term":[{"taxonomy":"category","embeddable":true,"href":"https:\/\/ilheusnews.com.br\/index.php?rest_route=%2Fwp%2Fv2%2Fcategories&post=10934"},{"taxonomy":"post_tag","embeddable":true,"href":"https:\/\/ilheusnews.com.br\/index.php?rest_route=%2Fwp%2Fv2%2Ftags&post=10934"}],"curies":[{"name":"wp","href":"https:\/\/api.w.org\/{rel}","templated":true}]}}